{"id":3022,"date":"2024-06-22T10:22:09","date_gmt":"2024-06-22T08:22:09","guid":{"rendered":"https:\/\/delfiramos.com\/?p=3022"},"modified":"2024-06-22T10:22:09","modified_gmt":"2024-06-22T08:22:09","slug":"tarde-de-risoterapia-xd","status":"publish","type":"post","link":"https:\/\/delfiramos.com\/ca\/tarde-de-risoterapia-xd\/","title":{"rendered":"Tarda de Risoter\u00e0pia xD"},"content":{"rendered":"<div class=\"default-style\">Magn\u00edfic grup el de l&#039;Associaci\u00f3 de Dones La nostra Senyora de l&#039;Assumpci\u00f3 del Parador, un gust fer el taller de Risoter\u00e0pia amb unes assistents tan implicades i participatives.<\/div>\n<div class=\"default-style\">Ens hem deixat les vergonyes fora, i, amb aquesta desinhibici\u00f3, el riure surt sol. Crec que no ens hem deixat cap m\u00fascul sense treballar!<\/div>\n<div class=\"default-style\">Desitjant repetir amb elles.<\/div>","protected":false},"excerpt":{"rendered":"<p>Magn\u00edfic grup el de l&#039;Associaci\u00f3 de Dones La nostra Senyora de l&#039;Assumpci\u00f3 del Parador, un gust fer el taller de Risoter\u00e0pia amb unes assistents tan implicades i participatives. Ens hem deixat les vergonyes fora, i, amb aquesta desinhibici\u00f3, el riure surt sol. Crec que no ens hem deixat cap m\u00fascul sense treballar! Desitjant repetir [\u2026]<\/p>","protected":false},"author":5,"featured_media":3023,"comment_status":"closed","ping_status":"closed","sticky":false,"template":"","format":"standard","meta":{"_joinchat":[],"footnotes":""},"categories":[1],"tags":[],"class_list":["post-3022","post","type-post","status-publish","format-standard","has-post-thumbnail","hentry","category-psicologia"],"yoast_head":"<!-- This site is optimized with the Yoast SEO plugin v25.2 - https:\/\/yoast.com\/wordpress\/plugins\/seo\/ -->\n<title>Tarde de Risoterapia xD &#183; Delfi Ramos<\/title>\n<meta name=\"robots\" content=\"index, follow, max-snippet:-1, max-image-preview:large, max-video-preview:-1\" \/>\n<link rel=\"canonical\" href=\"https:\/\/delfiramos.com\/ca\/tarde-de-risoterapia-xd\/\" \/>\n<meta property=\"og:locale\" content=\"ca_ES\" \/>\n<meta property=\"og:type\" content=\"article\" \/>\n<meta property=\"og:title\" content=\"Tarde de Risoterapia xD &#183; Delfi Ramos\" \/>\n<meta property=\"og:description\" content=\"Magn\u00edfico grupo el de la Asociaci\u00f3n de Mujeres Nuestra Se\u00f1ora de la Asunci\u00f3n del Parador, un gusto hacer el taller de Risoterapia con unas asistentes tan implicadas y participativas. Nos hemos dejado las verg\u00fcenzas fuera, y, con tal desinhibici\u00f3n, la risa sale sola. \u00a1!Creo que no nos hemos dejado ning\u00fan m\u00fasculo sin trabajar\u00a1! Deseando repetir [&hellip;]\" \/>\n<meta property=\"og:url\" content=\"https:\/\/delfiramos.com\/ca\/tarde-de-risoterapia-xd\/\" \/>\n<meta property=\"og:site_name\" content=\"Delfi Ramos\" \/>\n<meta property=\"article:published_time\" content=\"2024-06-22T08:22:09+00:00\" \/>\n<meta property=\"og:image\" content=\"https:\/\/delfiramos.com\/wp-content\/uploads\/Taller-Risoterapia-Asoc-Nuestra-Senora-de-la-Asuncion.jpg\" \/>\n\t<meta property=\"og:image:width\" content=\"1800\" \/>\n\t<meta property=\"og:image:height\" content=\"1683\" \/>\n\t<meta property=\"og:image:type\" content=\"image\/jpeg\" \/>\n<meta name=\"author\" content=\"Delfi Ramos\" \/>\n<meta name=\"twitter:card\" content=\"summary_large_image\" \/>\n<meta name=\"twitter:label1\" content=\"Escrit per\" \/>\n\t<meta name=\"twitter:data1\" content=\"Delfi Ramos\" \/>\n\t<meta name=\"twitter:label2\" content=\"Temps estimat de lectura\" \/>\n\t<meta name=\"twitter:data2\" content=\"1 minut\" \/>\n<script type=\"application\/ld+json\" class=\"yoast-schema-graph\">{\"@context\":\"https:\/\/schema.org\",\"@graph\":[{\"@type\":\"Article\",\"@id\":\"https:\/\/delfiramos.com\/tarde-de-risoterapia-xd\/#article\",\"isPartOf\":{\"@id\":\"https:\/\/delfiramos.com\/tarde-de-risoterapia-xd\/\"},\"author\":{\"name\":\"Delfi Ramos\",\"@id\":\"https:\/\/delfiramos.com\/#\/schema\/person\/3b9dc9c684235188d03b71fcda7ba40c\"},\"headline\":\"Tarde de Risoterapia xD\",\"datePublished\":\"2024-06-22T08:22:09+00:00\",\"mainEntityOfPage\":{\"@id\":\"https:\/\/delfiramos.com\/tarde-de-risoterapia-xd\/\"},\"wordCount\":69,\"publisher\":{\"@id\":\"https:\/\/delfiramos.com\/#\/schema\/person\/3b9dc9c684235188d03b71fcda7ba40c\"},\"image\":{\"@id\":\"https:\/\/delfiramos.com\/tarde-de-risoterapia-xd\/#primaryimage\"},\"thumbnailUrl\":\"https:\/\/delfiramos.com\/wp-content\/uploads\/Taller-Risoterapia-Asoc-Nuestra-Senora-de-la-Asuncion.jpg\",\"articleSection\":[\"Psicolog\u00eda\"],\"inLanguage\":\"ca\"},{\"@type\":\"WebPage\",\"@id\":\"https:\/\/delfiramos.com\/tarde-de-risoterapia-xd\/\",\"url\":\"https:\/\/delfiramos.com\/tarde-de-risoterapia-xd\/\",\"name\":\"Tarde de Risoterapia xD &#183; Delfi Ramos\",\"isPartOf\":{\"@id\":\"https:\/\/delfiramos.com\/#website\"},\"primaryImageOfPage\":{\"@id\":\"https:\/\/delfiramos.com\/tarde-de-risoterapia-xd\/#primaryimage\"},\"image\":{\"@id\":\"https:\/\/delfiramos.com\/tarde-de-risoterapia-xd\/#primaryimage\"},\"thumbnailUrl\":\"https:\/\/delfiramos.com\/wp-content\/uploads\/Taller-Risoterapia-Asoc-Nuestra-Senora-de-la-Asuncion.jpg\",\"datePublished\":\"2024-06-22T08:22:09+00:00\",\"breadcrumb\":{\"@id\":\"https:\/\/delfiramos.com\/tarde-de-risoterapia-xd\/#breadcrumb\"},\"inLanguage\":\"ca\",\"potentialAction\":[{\"@type\":\"ReadAction\",\"target\":[\"https:\/\/delfiramos.com\/tarde-de-risoterapia-xd\/\"]}]},{\"@type\":\"ImageObject\",\"inLanguage\":\"ca\",\"@id\":\"https:\/\/delfiramos.com\/tarde-de-risoterapia-xd\/#primaryimage\",\"url\":\"https:\/\/delfiramos.com\/wp-content\/uploads\/Taller-Risoterapia-Asoc-Nuestra-Senora-de-la-Asuncion.jpg\",\"contentUrl\":\"https:\/\/delfiramos.com\/wp-content\/uploads\/Taller-Risoterapia-Asoc-Nuestra-Senora-de-la-Asuncion.jpg\",\"width\":1800,\"height\":1683},{\"@type\":\"BreadcrumbList\",\"@id\":\"https:\/\/delfiramos.com\/tarde-de-risoterapia-xd\/#breadcrumb\",\"itemListElement\":[{\"@type\":\"ListItem\",\"position\":1,\"name\":\"Inicio\",\"item\":\"https:\/\/delfiramos.com\/inicio\/\"},{\"@type\":\"ListItem\",\"position\":2,\"name\":\"Tarde de Risoterapia xD\"}]},{\"@type\":\"WebSite\",\"@id\":\"https:\/\/delfiramos.com\/#website\",\"url\":\"https:\/\/delfiramos.com\/\",\"name\":\"Delfi Ramos\",\"description\":\"Psic\u00f3loga Sanitaria y Sex\u00f3loga \u00b7 M\u00e1ster en An\u00e1lisis Funcional en Contextos Cl\u00ednicos y de la Salud \u00b7 M\u00e1ster en Intervenci\u00f3n en Trastornos Psicol\u00f3gicos en Infancia y Adolescencia\",\"publisher\":{\"@id\":\"https:\/\/delfiramos.com\/#\/schema\/person\/3b9dc9c684235188d03b71fcda7ba40c\"},\"alternateName\":\"Sex\u00f3loga y Psic\u00f3loga Sanitaria\",\"potentialAction\":[{\"@type\":\"SearchAction\",\"target\":{\"@type\":\"EntryPoint\",\"urlTemplate\":\"https:\/\/delfiramos.com\/?s={search_term_string}\"},\"query-input\":{\"@type\":\"PropertyValueSpecification\",\"valueRequired\":true,\"valueName\":\"search_term_string\"}}],\"inLanguage\":\"ca\"},{\"@type\":[\"Person\",\"Organization\"],\"@id\":\"https:\/\/delfiramos.com\/#\/schema\/person\/3b9dc9c684235188d03b71fcda7ba40c\",\"name\":\"Delfi Ramos\",\"logo\":{\"@id\":\"https:\/\/delfiramos.com\/#\/schema\/person\/image\/\"},\"sameAs\":[\"https:\/\/delfiramos.com\/\"],\"url\":\"https:\/\/delfiramos.com\/ca\/author\/delfi-ramos\/\"}]}<\/script>\n<!-- \/ Yoast SEO plugin. -->","yoast_head_json":{"title":"Tarde de Risoterapia xD &#183; Delfi Ramos","robots":{"index":"index","follow":"follow","max-snippet":"max-snippet:-1","max-image-preview":"max-image-preview:large","max-video-preview":"max-video-preview:-1"},"canonical":"https:\/\/delfiramos.com\/ca\/tarde-de-risoterapia-xd\/","og_locale":"ca_ES","og_type":"article","og_title":"Tarde de Risoterapia xD &#183; Delfi Ramos","og_description":"Magn\u00edfico grupo el de la Asociaci\u00f3n de Mujeres Nuestra Se\u00f1ora de la Asunci\u00f3n del Parador, un gusto hacer el taller de Risoterapia con unas asistentes tan implicadas y participativas. Nos hemos dejado las verg\u00fcenzas fuera, y, con tal desinhibici\u00f3n, la risa sale sola. \u00a1!Creo que no nos hemos dejado ning\u00fan m\u00fasculo sin trabajar\u00a1! Deseando repetir [&hellip;]","og_url":"https:\/\/delfiramos.com\/ca\/tarde-de-risoterapia-xd\/","og_site_name":"Delfi Ramos","article_published_time":"2024-06-22T08:22:09+00:00","og_image":[{"width":1800,"height":1683,"url":"https:\/\/delfiramos.com\/wp-content\/uploads\/Taller-Risoterapia-Asoc-Nuestra-Senora-de-la-Asuncion.jpg","type":"image\/jpeg"}],"author":"Delfi Ramos","twitter_card":"summary_large_image","twitter_misc":{"Escrit per":"Delfi Ramos","Temps estimat de lectura":"1 minut"},"schema":{"@context":"https:\/\/schema.org","@graph":[{"@type":"Article","@id":"https:\/\/delfiramos.com\/tarde-de-risoterapia-xd\/#article","isPartOf":{"@id":"https:\/\/delfiramos.com\/tarde-de-risoterapia-xd\/"},"author":{"name":"Delfi Ramos","@id":"https:\/\/delfiramos.com\/#\/schema\/person\/3b9dc9c684235188d03b71fcda7ba40c"},"headline":"Tarde de Risoterapia xD","datePublished":"2024-06-22T08:22:09+00:00","mainEntityOfPage":{"@id":"https:\/\/delfiramos.com\/tarde-de-risoterapia-xd\/"},"wordCount":69,"publisher":{"@id":"https:\/\/delfiramos.com\/#\/schema\/person\/3b9dc9c684235188d03b71fcda7ba40c"},"image":{"@id":"https:\/\/delfiramos.com\/tarde-de-risoterapia-xd\/#primaryimage"},"thumbnailUrl":"https:\/\/delfiramos.com\/wp-content\/uploads\/Taller-Risoterapia-Asoc-Nuestra-Senora-de-la-Asuncion.jpg","articleSection":["Psicolog\u00eda"],"inLanguage":"ca"},{"@type":"WebPage","@id":"https:\/\/delfiramos.com\/tarde-de-risoterapia-xd\/","url":"https:\/\/delfiramos.com\/tarde-de-risoterapia-xd\/","name":"Tarde de Risoterapia xD &#183; Delfi Ramos","isPartOf":{"@id":"https:\/\/delfiramos.com\/#website"},"primaryImageOfPage":{"@id":"https:\/\/delfiramos.com\/tarde-de-risoterapia-xd\/#primaryimage"},"image":{"@id":"https:\/\/delfiramos.com\/tarde-de-risoterapia-xd\/#primaryimage"},"thumbnailUrl":"https:\/\/delfiramos.com\/wp-content\/uploads\/Taller-Risoterapia-Asoc-Nuestra-Senora-de-la-Asuncion.jpg","datePublished":"2024-06-22T08:22:09+00:00","breadcrumb":{"@id":"https:\/\/delfiramos.com\/tarde-de-risoterapia-xd\/#breadcrumb"},"inLanguage":"ca","potentialAction":[{"@type":"ReadAction","target":["https:\/\/delfiramos.com\/tarde-de-risoterapia-xd\/"]}]},{"@type":"ImageObject","inLanguage":"ca","@id":"https:\/\/delfiramos.com\/tarde-de-risoterapia-xd\/#primaryimage","url":"https:\/\/delfiramos.com\/wp-content\/uploads\/Taller-Risoterapia-Asoc-Nuestra-Senora-de-la-Asuncion.jpg","contentUrl":"https:\/\/delfiramos.com\/wp-content\/uploads\/Taller-Risoterapia-Asoc-Nuestra-Senora-de-la-Asuncion.jpg","width":1800,"height":1683},{"@type":"BreadcrumbList","@id":"https:\/\/delfiramos.com\/tarde-de-risoterapia-xd\/#breadcrumb","itemListElement":[{"@type":"ListItem","position":1,"name":"Inicio","item":"https:\/\/delfiramos.com\/inicio\/"},{"@type":"ListItem","position":2,"name":"Tarde de Risoterapia xD"}]},{"@type":"WebSite","@id":"https:\/\/delfiramos.com\/#website","url":"https:\/\/delfiramos.com\/","name":"Delfi Ramos","description":"Psic\u00f3loga Sanitaria y Sex\u00f3loga \u00b7 M\u00e1ster en An\u00e1lisis Funcional en Contextos Cl\u00ednicos y de la Salud \u00b7 M\u00e1ster en Intervenci\u00f3n en Trastornos Psicol\u00f3gicos en Infancia y Adolescencia","publisher":{"@id":"https:\/\/delfiramos.com\/#\/schema\/person\/3b9dc9c684235188d03b71fcda7ba40c"},"alternateName":"Sex\u00f3loga y Psic\u00f3loga Sanitaria","potentialAction":[{"@type":"SearchAction","target":{"@type":"EntryPoint","urlTemplate":"https:\/\/delfiramos.com\/?s={search_term_string}"},"query-input":{"@type":"PropertyValueSpecification","valueRequired":true,"valueName":"search_term_string"}}],"inLanguage":"ca"},{"@type":["Person","Organization"],"@id":"https:\/\/delfiramos.com\/#\/schema\/person\/3b9dc9c684235188d03b71fcda7ba40c","name":"Delfi Ramos","logo":{"@id":"https:\/\/delfiramos.com\/#\/schema\/person\/image\/"},"sameAs":["https:\/\/delfiramos.com\/"],"url":"https:\/\/delfiramos.com\/ca\/author\/delfi-ramos\/"}]}},"_links":{"self":[{"href":"https:\/\/delfiramos.com\/ca\/wp-json\/wp\/v2\/posts\/3022","targetHints":{"allow":["GET"]}}],"collection":[{"href":"https:\/\/delfiramos.com\/ca\/wp-json\/wp\/v2\/posts"}],"about":[{"href":"https:\/\/delfiramos.com\/ca\/wp-json\/wp\/v2\/types\/post"}],"author":[{"embeddable":true,"href":"https:\/\/delfiramos.com\/ca\/wp-json\/wp\/v2\/users\/5"}],"replies":[{"embeddable":true,"href":"https:\/\/delfiramos.com\/ca\/wp-json\/wp\/v2\/comments?post=3022"}],"version-history":[{"count":2,"href":"https:\/\/delfiramos.com\/ca\/wp-json\/wp\/v2\/posts\/3022\/revisions"}],"predecessor-version":[{"id":3064,"href":"https:\/\/delfiramos.com\/ca\/wp-json\/wp\/v2\/posts\/3022\/revisions\/3064"}],"wp:featuredmedia":[{"embeddable":true,"href":"https:\/\/delfiramos.com\/ca\/wp-json\/wp\/v2\/media\/3023"}],"wp:attachment":[{"href":"https:\/\/delfiramos.com\/ca\/wp-json\/wp\/v2\/media?parent=3022"}],"wp:term":[{"taxonomy":"category","embeddable":true,"href":"https:\/\/delfiramos.com\/ca\/wp-json\/wp\/v2\/categories?post=3022"},{"taxonomy":"post_tag","embeddable":true,"href":"https:\/\/delfiramos.com\/ca\/wp-json\/wp\/v2\/tags?post=3022"}],"curies":[{"name":"wp","href":"https:\/\/api.w.org\/{rel}","templated":true}]}}