{"id":3367,"date":"2025-01-31T20:13:26","date_gmt":"2025-01-31T19:13:26","guid":{"rendered":"https:\/\/delfiramos.com\/?p=3367"},"modified":"2025-02-01T10:16:13","modified_gmt":"2025-02-01T09:16:13","slug":"el-poder-del-autocuidado-o-el-si-no-tengo-no-puedo-darte","status":"publish","type":"post","link":"https:\/\/delfiramos.com\/ca\/el-poder-del-autocuidado-o-el-si-no-tengo-no-puedo-darte\/","title":{"rendered":"El poder de l&#039;autocura (o el \u00absi no en tinc no et puc donar\u00bb)"},"content":{"rendered":"<p>&nbsp;<\/p>\n<p>Algunes reflexions sobre l&#039;autocura\u2026<\/p>\n<p>Escoltar el nostre cos i fer callar la nostra ment ens permet cuidar-nos. Donar-nos aquestes cures es tradueix en salut. Escoltem el nostre cos quan aprenem a identificar-hi els signes i els s\u00edmptomes: la febre, el dolor, les taquic\u00e0rdies, l&#039;estr\u00e8s\u2026exemples tots ells de circumst\u00e0ncies al nostre cos que ens estan enviant un clar missatge: <strong>PER. DESCANSA. REPARA.<\/strong> I per aix\u00f2 ens hem de prestar atenci\u00f3. No ens podem cuidar mentre mirem a una altra banda, mentre atenem altres assumptes. Si volem prevenir la malaltia o tractar-ne una de ja existent, nom\u00e9s podrem fer-ho des de l&#039;atenci\u00f3 plena a cadascuna d&#039;aquelles cures que reclama el nostre cos.<\/p>\n<p>De vegades cal entendre un mateix primer i fer entendre els altres, que si pretenem ser d&#039;ajuda als altres aix\u00f2 passa per dir-los <strong>NO<\/strong> els altres fins haver recarregat l&#039;energia necess\u00e0ria per poder-los atendre. Un cop vaig sentir una frase que, tot i ser senzilla, considero que cont\u00e9 una gran saviesa: \u00absi no en tinc no et puc donar\u00bb. Pot resultar una obvietat, per\u00f2 sovint ens la saltem a la torera, caient en la neglig\u00e8ncia m\u00e9s absoluta. Resultar\u00e0 m\u00e9s senzill visualitzar el seu significat amb una cosa tan concreta com els diners: si necessites diners i m&#039;ho demanes, per m\u00e9s que jo t&#039;ho volgu\u00e9s donar, si no en tinc no podr\u00e9 fer-ho. Amb l&#039;energia passa exactament igual, per qu\u00e8 mirem cap a una altra banda quan el nostre cos ens avisa que les reserves d&#039;energia s&#039;estan esgotant? nom\u00e9s perqu\u00e8 l&#039;energia \u00e9s eteri, abstracte, impalpable? significa aix\u00f2 que no existeixi? Si no cuido la meva energia i procuro recarregar-la, no nom\u00e9s no podr\u00e9 estar disponible per als altres, per a la feina, per a mil i un projectes\u2026 sin\u00f3 que, a m\u00e9s, el m\u00e9s probable \u00e9s que tard o d&#039;hora acabi emmalaltint.<\/p>\n<p>Que important \u00e9s distribuir adequadament el nostre temps, buscar una estoneta de vacances al dia, desconnectar durant les vacances \u00aboficials\u00bb, retirar-se a curar una malaltia, decidir fins on s\u00ed i fins on no puc donar de mi, atendre les nostres relacions significatives, els nostres interessos m\u00e9s enll\u00e0 del que \u00e9s laboral, respectar el descans, <strong>donar-se perm\u00eds per no fer RES.<\/strong> Quan descuidem algun d&#039;aquests aspectes per lliurar-nos a les urg\u00e8ncies i emerg\u00e8ncies de l&#039;entorn tan demandant en qu\u00e8 vivim, el que pot acabar convertint-se en una emerg\u00e8ncia encara m\u00e9s gran \u00e9s el descans.<\/p>","protected":false},"excerpt":{"rendered":"<p>&nbsp; Algunes reflexions sobre l&#039;autocura\u2026 Escoltar el nostre cos i fer callar la nostra ment ens permet cuidar-nos. Donar-nos aquestes cures es tradueix en salut. Escoltem el nostre cos quan aprenem a identificar-hi els signes i els s\u00edmptomes: la febre, el dolor, les taquic\u00e0rdies, l&#039;estr\u00e8s\u2026exemples tots ells de circumst\u00e0ncies en el nostre cos que ens estan [\u2026]<\/p>","protected":false},"author":5,"featured_media":3368,"comment_status":"closed","ping_status":"closed","sticky":false,"template":"","format":"standard","meta":{"_joinchat":[],"footnotes":""},"categories":[1],"tags":[],"class_list":["post-3367","post","type-post","status-publish","format-standard","has-post-thumbnail","hentry","category-psicologia"],"yoast_head":"<!-- This site is optimized with the Yoast SEO plugin v25.2 - https:\/\/yoast.com\/wordpress\/plugins\/seo\/ -->\n<title>El poder del autocuidado (o el &quot;si no tengo no puedo darte&quot;) &#183; Delfi Ramos<\/title>\n<meta name=\"description\" content=\"\u00bfporqu\u00e9 raz\u00f3n miramos para otro lado cuando nuestro cuerpo nos avisa de que las reservas de energ\u00eda se est\u00e1n agotando? \u00bfs\u00f3lo porque la energ\u00eda es algo et\u00e9reo, abstracto, impalpable? \u00bfsignifica eso que no exista? Si no cuido mi energ\u00eda y procuro recargarla, no s\u00f3lo no podr\u00e9 estar disponible para los dem\u00e1s, para el trabajo, para mil y un proyectos...si no que, adem\u00e1s, lo m\u00e1s probable es que tarde o temprano acabe enfermando.\" \/>\n<meta name=\"robots\" content=\"index, follow, max-snippet:-1, max-image-preview:large, max-video-preview:-1\" \/>\n<link rel=\"canonical\" href=\"https:\/\/delfiramos.com\/ca\/el-poder-del-autocuidado-o-el-si-no-tengo-no-puedo-darte\/\" \/>\n<meta property=\"og:locale\" content=\"ca_ES\" \/>\n<meta property=\"og:type\" content=\"article\" \/>\n<meta property=\"og:title\" content=\"El poder del autocuidado (o el &quot;si no tengo no puedo darte&quot;) &#183; Delfi Ramos\" \/>\n<meta property=\"og:description\" content=\"\u00bfporqu\u00e9 raz\u00f3n miramos para otro lado cuando nuestro cuerpo nos avisa de que las reservas de energ\u00eda se est\u00e1n agotando? \u00bfs\u00f3lo porque la energ\u00eda es algo et\u00e9reo, abstracto, impalpable? \u00bfsignifica eso que no exista? Si no cuido mi energ\u00eda y procuro recargarla, no s\u00f3lo no podr\u00e9 estar disponible para los dem\u00e1s, para el trabajo, para mil y un proyectos...si no que, adem\u00e1s, lo m\u00e1s probable es que tarde o temprano acabe enfermando.\" \/>\n<meta property=\"og:url\" content=\"https:\/\/delfiramos.com\/ca\/el-poder-del-autocuidado-o-el-si-no-tengo-no-puedo-darte\/\" \/>\n<meta property=\"og:site_name\" content=\"Delfi Ramos\" \/>\n<meta property=\"article:published_time\" content=\"2025-01-31T19:13:26+00:00\" \/>\n<meta property=\"article:modified_time\" content=\"2025-02-01T09:16:13+00:00\" \/>\n<meta property=\"og:image\" content=\"https:\/\/delfiramos.com\/wp-content\/uploads\/Self-Love-Club.jpg\" \/>\n\t<meta property=\"og:image:width\" content=\"600\" \/>\n\t<meta property=\"og:image:height\" content=\"600\" \/>\n\t<meta property=\"og:image:type\" content=\"image\/jpeg\" \/>\n<meta name=\"author\" content=\"Delfi Ramos\" \/>\n<meta name=\"twitter:card\" content=\"summary_large_image\" \/>\n<meta name=\"twitter:label1\" content=\"Escrit per\" \/>\n\t<meta name=\"twitter:data1\" content=\"Delfi Ramos\" \/>\n\t<meta name=\"twitter:label2\" content=\"Temps estimat de lectura\" \/>\n\t<meta name=\"twitter:data2\" content=\"2 minuts\" \/>\n<script type=\"application\/ld+json\" class=\"yoast-schema-graph\">{\"@context\":\"https:\/\/schema.org\",\"@graph\":[{\"@type\":\"Article\",\"@id\":\"https:\/\/delfiramos.com\/el-poder-del-autocuidado-o-el-si-no-tengo-no-puedo-darte\/#article\",\"isPartOf\":{\"@id\":\"https:\/\/delfiramos.com\/el-poder-del-autocuidado-o-el-si-no-tengo-no-puedo-darte\/\"},\"author\":{\"name\":\"Delfi Ramos\",\"@id\":\"https:\/\/delfiramos.com\/#\/schema\/person\/3b9dc9c684235188d03b71fcda7ba40c\"},\"headline\":\"El poder del autocuidado (o el \u00absi no tengo no puedo darte\u00bb)\",\"datePublished\":\"2025-01-31T19:13:26+00:00\",\"dateModified\":\"2025-02-01T09:16:13+00:00\",\"mainEntityOfPage\":{\"@id\":\"https:\/\/delfiramos.com\/el-poder-del-autocuidado-o-el-si-no-tengo-no-puedo-darte\/\"},\"wordCount\":434,\"publisher\":{\"@id\":\"https:\/\/delfiramos.com\/#\/schema\/person\/3b9dc9c684235188d03b71fcda7ba40c\"},\"image\":{\"@id\":\"https:\/\/delfiramos.com\/el-poder-del-autocuidado-o-el-si-no-tengo-no-puedo-darte\/#primaryimage\"},\"thumbnailUrl\":\"https:\/\/delfiramos.com\/wp-content\/uploads\/Self-Love-Club.jpg\",\"articleSection\":[\"Psicolog\u00eda\"],\"inLanguage\":\"ca\"},{\"@type\":\"WebPage\",\"@id\":\"https:\/\/delfiramos.com\/el-poder-del-autocuidado-o-el-si-no-tengo-no-puedo-darte\/\",\"url\":\"https:\/\/delfiramos.com\/el-poder-del-autocuidado-o-el-si-no-tengo-no-puedo-darte\/\",\"name\":\"El poder del autocuidado (o el \\\"si no tengo no puedo darte\\\") &#183; Delfi Ramos\",\"isPartOf\":{\"@id\":\"https:\/\/delfiramos.com\/#website\"},\"primaryImageOfPage\":{\"@id\":\"https:\/\/delfiramos.com\/el-poder-del-autocuidado-o-el-si-no-tengo-no-puedo-darte\/#primaryimage\"},\"image\":{\"@id\":\"https:\/\/delfiramos.com\/el-poder-del-autocuidado-o-el-si-no-tengo-no-puedo-darte\/#primaryimage\"},\"thumbnailUrl\":\"https:\/\/delfiramos.com\/wp-content\/uploads\/Self-Love-Club.jpg\",\"datePublished\":\"2025-01-31T19:13:26+00:00\",\"dateModified\":\"2025-02-01T09:16:13+00:00\",\"description\":\"\u00bfporqu\u00e9 raz\u00f3n miramos para otro lado cuando nuestro cuerpo nos avisa de que las reservas de energ\u00eda se est\u00e1n agotando? \u00bfs\u00f3lo porque la energ\u00eda es algo et\u00e9reo, abstracto, impalpable? \u00bfsignifica eso que no exista? Si no cuido mi energ\u00eda y procuro recargarla, no s\u00f3lo no podr\u00e9 estar disponible para los dem\u00e1s, para el trabajo, para mil y un proyectos...si no que, adem\u00e1s, lo m\u00e1s probable es que tarde o temprano acabe enfermando.\",\"breadcrumb\":{\"@id\":\"https:\/\/delfiramos.com\/el-poder-del-autocuidado-o-el-si-no-tengo-no-puedo-darte\/#breadcrumb\"},\"inLanguage\":\"ca\",\"potentialAction\":[{\"@type\":\"ReadAction\",\"target\":[\"https:\/\/delfiramos.com\/el-poder-del-autocuidado-o-el-si-no-tengo-no-puedo-darte\/\"]}]},{\"@type\":\"ImageObject\",\"inLanguage\":\"ca\",\"@id\":\"https:\/\/delfiramos.com\/el-poder-del-autocuidado-o-el-si-no-tengo-no-puedo-darte\/#primaryimage\",\"url\":\"https:\/\/delfiramos.com\/wp-content\/uploads\/Self-Love-Club.jpg\",\"contentUrl\":\"https:\/\/delfiramos.com\/wp-content\/uploads\/Self-Love-Club.jpg\",\"width\":600,\"height\":600},{\"@type\":\"BreadcrumbList\",\"@id\":\"https:\/\/delfiramos.com\/el-poder-del-autocuidado-o-el-si-no-tengo-no-puedo-darte\/#breadcrumb\",\"itemListElement\":[{\"@type\":\"ListItem\",\"position\":1,\"name\":\"Inicio\",\"item\":\"https:\/\/delfiramos.com\/inicio\/\"},{\"@type\":\"ListItem\",\"position\":2,\"name\":\"El poder del autocuidado (o el \u00absi no tengo no puedo darte\u00bb)\"}]},{\"@type\":\"WebSite\",\"@id\":\"https:\/\/delfiramos.com\/#website\",\"url\":\"https:\/\/delfiramos.com\/\",\"name\":\"Delfi Ramos\",\"description\":\"Psic\u00f3loga Sanitaria y Sex\u00f3loga \u00b7 M\u00e1ster en An\u00e1lisis Funcional en Contextos Cl\u00ednicos y de la Salud \u00b7 M\u00e1ster en Intervenci\u00f3n en Trastornos Psicol\u00f3gicos en Infancia y Adolescencia\",\"publisher\":{\"@id\":\"https:\/\/delfiramos.com\/#\/schema\/person\/3b9dc9c684235188d03b71fcda7ba40c\"},\"alternateName\":\"Sex\u00f3loga y Psic\u00f3loga Sanitaria\",\"potentialAction\":[{\"@type\":\"SearchAction\",\"target\":{\"@type\":\"EntryPoint\",\"urlTemplate\":\"https:\/\/delfiramos.com\/?s={search_term_string}\"},\"query-input\":{\"@type\":\"PropertyValueSpecification\",\"valueRequired\":true,\"valueName\":\"search_term_string\"}}],\"inLanguage\":\"ca\"},{\"@type\":[\"Person\",\"Organization\"],\"@id\":\"https:\/\/delfiramos.com\/#\/schema\/person\/3b9dc9c684235188d03b71fcda7ba40c\",\"name\":\"Delfi Ramos\",\"logo\":{\"@id\":\"https:\/\/delfiramos.com\/#\/schema\/person\/image\/\"},\"sameAs\":[\"https:\/\/delfiramos.com\/\"],\"url\":\"https:\/\/delfiramos.com\/ca\/author\/delfi-ramos\/\"}]}<\/script>\n<!-- \/ Yoast SEO plugin. -->","yoast_head_json":{"title":"El poder del autocuidado (o el \"si no tengo no puedo darte\") &#183; Delfi Ramos","description":"\u00bfporqu\u00e9 raz\u00f3n miramos para otro lado cuando nuestro cuerpo nos avisa de que las reservas de energ\u00eda se est\u00e1n agotando? \u00bfs\u00f3lo porque la energ\u00eda es algo et\u00e9reo, abstracto, impalpable? \u00bfsignifica eso que no exista? Si no cuido mi energ\u00eda y procuro recargarla, no s\u00f3lo no podr\u00e9 estar disponible para los dem\u00e1s, para el trabajo, para mil y un proyectos...si no que, adem\u00e1s, lo m\u00e1s probable es que tarde o temprano acabe enfermando.","robots":{"index":"index","follow":"follow","max-snippet":"max-snippet:-1","max-image-preview":"max-image-preview:large","max-video-preview":"max-video-preview:-1"},"canonical":"https:\/\/delfiramos.com\/ca\/el-poder-del-autocuidado-o-el-si-no-tengo-no-puedo-darte\/","og_locale":"ca_ES","og_type":"article","og_title":"El poder del autocuidado (o el \"si no tengo no puedo darte\") &#183; Delfi Ramos","og_description":"\u00bfporqu\u00e9 raz\u00f3n miramos para otro lado cuando nuestro cuerpo nos avisa de que las reservas de energ\u00eda se est\u00e1n agotando? \u00bfs\u00f3lo porque la energ\u00eda es algo et\u00e9reo, abstracto, impalpable? \u00bfsignifica eso que no exista? Si no cuido mi energ\u00eda y procuro recargarla, no s\u00f3lo no podr\u00e9 estar disponible para los dem\u00e1s, para el trabajo, para mil y un proyectos...si no que, adem\u00e1s, lo m\u00e1s probable es que tarde o temprano acabe enfermando.","og_url":"https:\/\/delfiramos.com\/ca\/el-poder-del-autocuidado-o-el-si-no-tengo-no-puedo-darte\/","og_site_name":"Delfi Ramos","article_published_time":"2025-01-31T19:13:26+00:00","article_modified_time":"2025-02-01T09:16:13+00:00","og_image":[{"width":600,"height":600,"url":"https:\/\/delfiramos.com\/wp-content\/uploads\/Self-Love-Club.jpg","type":"image\/jpeg"}],"author":"Delfi Ramos","twitter_card":"summary_large_image","twitter_misc":{"Escrit per":"Delfi Ramos","Temps estimat de lectura":"2 minuts"},"schema":{"@context":"https:\/\/schema.org","@graph":[{"@type":"Article","@id":"https:\/\/delfiramos.com\/el-poder-del-autocuidado-o-el-si-no-tengo-no-puedo-darte\/#article","isPartOf":{"@id":"https:\/\/delfiramos.com\/el-poder-del-autocuidado-o-el-si-no-tengo-no-puedo-darte\/"},"author":{"name":"Delfi Ramos","@id":"https:\/\/delfiramos.com\/#\/schema\/person\/3b9dc9c684235188d03b71fcda7ba40c"},"headline":"El poder del autocuidado (o el \u00absi no tengo no puedo darte\u00bb)","datePublished":"2025-01-31T19:13:26+00:00","dateModified":"2025-02-01T09:16:13+00:00","mainEntityOfPage":{"@id":"https:\/\/delfiramos.com\/el-poder-del-autocuidado-o-el-si-no-tengo-no-puedo-darte\/"},"wordCount":434,"publisher":{"@id":"https:\/\/delfiramos.com\/#\/schema\/person\/3b9dc9c684235188d03b71fcda7ba40c"},"image":{"@id":"https:\/\/delfiramos.com\/el-poder-del-autocuidado-o-el-si-no-tengo-no-puedo-darte\/#primaryimage"},"thumbnailUrl":"https:\/\/delfiramos.com\/wp-content\/uploads\/Self-Love-Club.jpg","articleSection":["Psicolog\u00eda"],"inLanguage":"ca"},{"@type":"WebPage","@id":"https:\/\/delfiramos.com\/el-poder-del-autocuidado-o-el-si-no-tengo-no-puedo-darte\/","url":"https:\/\/delfiramos.com\/el-poder-del-autocuidado-o-el-si-no-tengo-no-puedo-darte\/","name":"El poder del autocuidado (o el \"si no tengo no puedo darte\") &#183; Delfi Ramos","isPartOf":{"@id":"https:\/\/delfiramos.com\/#website"},"primaryImageOfPage":{"@id":"https:\/\/delfiramos.com\/el-poder-del-autocuidado-o-el-si-no-tengo-no-puedo-darte\/#primaryimage"},"image":{"@id":"https:\/\/delfiramos.com\/el-poder-del-autocuidado-o-el-si-no-tengo-no-puedo-darte\/#primaryimage"},"thumbnailUrl":"https:\/\/delfiramos.com\/wp-content\/uploads\/Self-Love-Club.jpg","datePublished":"2025-01-31T19:13:26+00:00","dateModified":"2025-02-01T09:16:13+00:00","description":"\u00bfporqu\u00e9 raz\u00f3n miramos para otro lado cuando nuestro cuerpo nos avisa de que las reservas de energ\u00eda se est\u00e1n agotando? \u00bfs\u00f3lo porque la energ\u00eda es algo et\u00e9reo, abstracto, impalpable? \u00bfsignifica eso que no exista? Si no cuido mi energ\u00eda y procuro recargarla, no s\u00f3lo no podr\u00e9 estar disponible para los dem\u00e1s, para el trabajo, para mil y un proyectos...si no que, adem\u00e1s, lo m\u00e1s probable es que tarde o temprano acabe enfermando.","breadcrumb":{"@id":"https:\/\/delfiramos.com\/el-poder-del-autocuidado-o-el-si-no-tengo-no-puedo-darte\/#breadcrumb"},"inLanguage":"ca","potentialAction":[{"@type":"ReadAction","target":["https:\/\/delfiramos.com\/el-poder-del-autocuidado-o-el-si-no-tengo-no-puedo-darte\/"]}]},{"@type":"ImageObject","inLanguage":"ca","@id":"https:\/\/delfiramos.com\/el-poder-del-autocuidado-o-el-si-no-tengo-no-puedo-darte\/#primaryimage","url":"https:\/\/delfiramos.com\/wp-content\/uploads\/Self-Love-Club.jpg","contentUrl":"https:\/\/delfiramos.com\/wp-content\/uploads\/Self-Love-Club.jpg","width":600,"height":600},{"@type":"BreadcrumbList","@id":"https:\/\/delfiramos.com\/el-poder-del-autocuidado-o-el-si-no-tengo-no-puedo-darte\/#breadcrumb","itemListElement":[{"@type":"ListItem","position":1,"name":"Inicio","item":"https:\/\/delfiramos.com\/inicio\/"},{"@type":"ListItem","position":2,"name":"El poder del autocuidado (o el \u00absi no tengo no puedo darte\u00bb)"}]},{"@type":"WebSite","@id":"https:\/\/delfiramos.com\/#website","url":"https:\/\/delfiramos.com\/","name":"Delfi Ramos","description":"Psic\u00f3loga Sanitaria y Sex\u00f3loga \u00b7 M\u00e1ster en An\u00e1lisis Funcional en Contextos Cl\u00ednicos y de la Salud \u00b7 M\u00e1ster en Intervenci\u00f3n en Trastornos Psicol\u00f3gicos en Infancia y Adolescencia","publisher":{"@id":"https:\/\/delfiramos.com\/#\/schema\/person\/3b9dc9c684235188d03b71fcda7ba40c"},"alternateName":"Sex\u00f3loga y Psic\u00f3loga Sanitaria","potentialAction":[{"@type":"SearchAction","target":{"@type":"EntryPoint","urlTemplate":"https:\/\/delfiramos.com\/?s={search_term_string}"},"query-input":{"@type":"PropertyValueSpecification","valueRequired":true,"valueName":"search_term_string"}}],"inLanguage":"ca"},{"@type":["Person","Organization"],"@id":"https:\/\/delfiramos.com\/#\/schema\/person\/3b9dc9c684235188d03b71fcda7ba40c","name":"Delfi Ramos","logo":{"@id":"https:\/\/delfiramos.com\/#\/schema\/person\/image\/"},"sameAs":["https:\/\/delfiramos.com\/"],"url":"https:\/\/delfiramos.com\/ca\/author\/delfi-ramos\/"}]}},"_links":{"self":[{"href":"https:\/\/delfiramos.com\/ca\/wp-json\/wp\/v2\/posts\/3367","targetHints":{"allow":["GET"]}}],"collection":[{"href":"https:\/\/delfiramos.com\/ca\/wp-json\/wp\/v2\/posts"}],"about":[{"href":"https:\/\/delfiramos.com\/ca\/wp-json\/wp\/v2\/types\/post"}],"author":[{"embeddable":true,"href":"https:\/\/delfiramos.com\/ca\/wp-json\/wp\/v2\/users\/5"}],"replies":[{"embeddable":true,"href":"https:\/\/delfiramos.com\/ca\/wp-json\/wp\/v2\/comments?post=3367"}],"version-history":[{"count":3,"href":"https:\/\/delfiramos.com\/ca\/wp-json\/wp\/v2\/posts\/3367\/revisions"}],"predecessor-version":[{"id":3371,"href":"https:\/\/delfiramos.com\/ca\/wp-json\/wp\/v2\/posts\/3367\/revisions\/3371"}],"wp:featuredmedia":[{"embeddable":true,"href":"https:\/\/delfiramos.com\/ca\/wp-json\/wp\/v2\/media\/3368"}],"wp:attachment":[{"href":"https:\/\/delfiramos.com\/ca\/wp-json\/wp\/v2\/media?parent=3367"}],"wp:term":[{"taxonomy":"category","embeddable":true,"href":"https:\/\/delfiramos.com\/ca\/wp-json\/wp\/v2\/categories?post=3367"},{"taxonomy":"post_tag","embeddable":true,"href":"https:\/\/delfiramos.com\/ca\/wp-json\/wp\/v2\/tags?post=3367"}],"curies":[{"name":"wp","href":"https:\/\/api.w.org\/{rel}","templated":true}]}}