{"id":3413,"date":"2025-05-04T20:46:41","date_gmt":"2025-05-04T18:46:41","guid":{"rendered":"https:\/\/delfiramos.com\/?p=3413"},"modified":"2025-05-06T20:54:53","modified_gmt":"2025-05-06T18:54:53","slug":"fira-modernista-de-terrassa-como-era-la-moral-sexual-en-la-era-modernista","status":"publish","type":"post","link":"https:\/\/delfiramos.com\/ca\/fira-modernista-de-terrassa-como-era-la-moral-sexual-en-la-era-modernista\/","title":{"rendered":"Fira Modernista de Terrassa: Com era la moral sexual a l&#039;era modernista?"},"content":{"rendered":"<div id=\"attachment_3414\" style=\"width: 778px\" class=\"wp-caption aligncenter\"><img loading=\"lazy\" decoding=\"async\" aria-describedby=\"caption-attachment-3414\" class=\"wp-image-3414 size-full\" src=\"https:\/\/delfiramos.com\/wp-content\/uploads\/Cartel-Fira-Modernista-Terrassa-2025.jpg\" alt=\"\" width=\"768\" height=\"1368\" srcset=\"https:\/\/delfiramos.com\/wp-content\/uploads\/Cartel-Fira-Modernista-Terrassa-2025.jpg 768w, https:\/\/delfiramos.com\/wp-content\/uploads\/Cartel-Fira-Modernista-Terrassa-2025-168x300.jpg 168w, https:\/\/delfiramos.com\/wp-content\/uploads\/Cartel-Fira-Modernista-Terrassa-2025-578x1030.jpg 578w, https:\/\/delfiramos.com\/wp-content\/uploads\/Cartel-Fira-Modernista-Terrassa-2025-7x12.jpg 7w, https:\/\/delfiramos.com\/wp-content\/uploads\/Cartel-Fira-Modernista-Terrassa-2025-396x705.jpg 396w\" sizes=\"auto, (max-width: 768px) 100vw, 768px\" \/><p id=\"caption-attachment-3414\" class=\"wp-caption-text\">Cartell XXII Fira Modernista de Terrassa 2025<\/p><\/div>\n<p><span data-contrast=\"auto\">La Fira Modernista de Terrassa celebra este 9, 10 y 11 de mayo su XXII edici\u00f3n, y resulta un excelente motivo para explorar, a trav\u00e9s de las diferentes manifestaciones art\u00edsticas, c\u00f3mo era la moral sexual durante el per\u00edodo modernista. Por esta raz\u00f3n, compartiremos una serie de publicaciones relacionadas con el tema, que pretenden ser un espacio para la reflexi\u00f3n a partir de algunos ejemplos paradigm\u00e1ticos, m\u00e1s que un estudio exhaustivo. Reservaremos curiosidades que compartir, obras que analizar y preguntas que formularnos para futuras ediciones de la feria en las que seguro nos seguiremos dejando inspirar por el esp\u00edritu modernista. Adem\u00e1s, con toda la ilusi\u00f3n hemos preparado un bonito cartel junto a la maravillosa artista <a href=\"https:\/\/www.instagram.com\/angelanonada\/\" target=\"_blank\" rel=\"noopener\">\u00c1ngela Nonada<\/a>. Es un orgullo aportar esta peque\u00f1a contribuci\u00f3n a la belleza con la que se viste estos d\u00edas la Font Vella de Terrassa, y, en general, Terrassa entera.\u00a0<\/span><span data-ccp-props=\"{&quot;201341983&quot;:0,&quot;335559740&quot;:276}\">\u00a0<\/span><\/p>\n<p><span data-contrast=\"auto\">Si hagu\u00e9ssim de resumir en una \u00fanica frase com era la moral sexual a l&#039;era modernista, es podria dir que suposa una <strong>reacci\u00f3 a l&#039;encotillament victori\u00e0, ressorgint l&#039;erotisme com un dels principals valors en l&#039;art, en totes les formes d&#039;expressi\u00f3.<\/strong> A l&#039;hora d&#039;abordar el complex assumpte de com era la moral sexual de tota una \u00e8poca, cal preguntar-se en primer lloc qu\u00e8 \u00e9s la moral, i qu\u00e8 \u00e9s l&#039;erotisme, per despr\u00e9s aturar-nos en el seu context hist\u00f2ric.<\/span><\/p>\n<p><span data-contrast=\"auto\">Atenent una definici\u00f3 cl\u00e0ssica entenem la moral com el conjunt de normes, valors i creences que una societat considera correctes o acceptables, per tant, la moral sexual tindr\u00e0 a veure amb all\u00f2 que s&#039;ent\u00e9n que \u00e9s correcte en relaci\u00f3 amb l&#039;\u00e0mbit sexual. Ara b\u00e9, qu\u00e8 passa amb all\u00f2 que queda fora de la moral?, mentre que en una mateixa societat poden coexistir diferents formes de pensar, poden coexistir tamb\u00e9 diferents morals? Precisament \u00e9s aquesta <strong>pluralitat moral all\u00f2 que caracteritza el moment de ruptura que representa el moviment modernista: el sorgiment d&#039;un nou codi moral que conviu amb l&#039;antic<\/strong>, conviv\u00e8ncia de vegades no exempta de tensi\u00f3 o conflicte.\u00a0<\/span><span data-ccp-props=\"{&quot;134233117&quot;:false,&quot;134233118&quot;:false,&quot;201341983&quot;:0,&quot;335551550&quot;:1,&quot;335551620&quot;:1,&quot;335559685&quot;:0,&quot;335559737&quot;:0,&quot;335559738&quot;:0,&quot;335559739&quot;:160,&quot;335559740&quot;:276}\">\u00a0<\/span><\/p>\n<p><span data-contrast=\"auto\">Per part seva, i d&#039;acord amb les tesis dels diferents autors que han intentat acostar-se a una definici\u00f3 de l&#039;erotisme, aquest seria aquell lloc de l&#039;experi\u00e8ncia humana on coincideixen i entren en un joc emocional i simb\u00f2lic el cos, el desig, la imaginaci\u00f3 i la transgressi\u00f3 dels l\u00edmits. L&#039;erotisme \u00e9s all\u00f2 que diferencia la sexualitat humana de la instintiva sexualitat animal. La cultura tamb\u00e9 pren part d&#039;aquest joc, definint els l\u00edmits al voltant dels quals neix i s&#039;hi organitza el desig. Veurem llavors com els nous corrents de pensament, en contraposici\u00f3 amb els ja existents, porten durant el modernisme a una <\/span><span data-contrast=\"none\">doble moral ia un doble discurs que travessen tota experi\u00e8ncia i totes les arts: encara que la societat victoriana conserva encara molts tab\u00fas sexuals i intenta imposar el control i la normativitat, en els cercles m\u00e9s bohemis es tracta de trencar amb aquestes restriccions, <\/span><span data-contrast=\"auto\">promovent l&#039;alliberament del cos i dels sentits.\u00a0<\/span><span data-ccp-props=\"{&quot;201341983&quot;:0,&quot;335559685&quot;:0,&quot;335559740&quot;:276}\">\u00a0<\/span><\/p>\n<p><span data-contrast=\"auto\">\u00c9s important aclarir que, encara que el terme \u201c\u00e8poca victoriana\u201d es refereix al per\u00edode de regnat de la reina Vict\u00f2ria al Regne Unit (1837 \u2013 1901), i per tant pol\u00edticament no s&#039;aplica a la resta d&#039;Europa, socialment i culturalment s\u00ed que hi ha una enorme influ\u00e8ncia, generant-se aix\u00ed corrents que comparteixen caracter\u00edstiques amb l&#039;era victoriana, principalment el fort conservadorisme moral.<\/span><span data-ccp-props=\"{&quot;201341983&quot;:0,&quot;335559685&quot;:0,&quot;335559740&quot;:276}\">\u00a0<\/span><\/p>\n<p><span data-contrast=\"auto\">El modernisme va florir a finals del segle XIX i va tenir el seu apogeu fins a l&#039;inici de la Primera Guerra Mundial. Encarna un estil de ruptura que va englobar totes les disciplines art\u00edstiques, i va tenir lloc principalment a Espanya i Hispanoam\u00e8rica. A altres pa\u00efsos d&#039;Europa estils similars van rebre noms com Art Nouveau, Modern Style o Stile Liberty. Centrant-nos a Espanya, i en especial a Catalunya, i<\/span><span data-contrast=\"none\">n la ruptura amb l&#039;art historicista i amb les composicions acad\u00e8miques, l&#039;art modernista proposa un univers formal que busca la bellesa i l&#039;expressivitat de forma coherent amb el nou benestar i el seu dinamisme financer, industrial i comercial.<\/span><span data-ccp-props=\"{&quot;201341983&quot;:0,&quot;335559740&quot;:276}\">\u00a0<\/span><\/p>\n<p><span data-contrast=\"none\">A l&#039;experi\u00e8ncia d&#039;integraci\u00f3 de totes les arts <strong>es configura una nova est\u00e8tica, on predomina la inspiraci\u00f3 en la natura, amb elements vegetals, formes org\u00e0niques entrecreuades i asim\u00e8triques compostes amb l\u00ednies corbes. La sensibilitat er\u00f2tica, all\u00f2 on\u00edric i all\u00f2 simb\u00f2lic obrint-se pas entre el funcionalisme i la ra\u00f3.<\/strong> S&#039;entra al nou-cents amb l&#039;auge del modernisme i la interdepend\u00e8ncia de totes les arts: des de la <a href=\"https:\/\/delfiramos.com\/ca\/fmt-5-la-casa-mila-como-paradigma-de-la-arquitectura-modernista-catalana-y-su-carga-erotica-analisis-de-ramon-de-torres\/\" target=\"_blank\" rel=\"noopener\">arquitectura<\/a> i les arts pl\u00e0stiques fins al disseny gr\u00e0fic i les arts industrials, incloent-hi l&#039;interiorisme i el disseny.\u00a0<\/span><span data-ccp-props=\"{&quot;134233117&quot;:false,&quot;134233118&quot;:false,&quot;201341983&quot;:0,&quot;335551550&quot;:6,&quot;335551620&quot;:6,&quot;335559738&quot;:0,&quot;335559739&quot;:0,&quot;335559740&quot;:276}\">\u00a0<\/span><\/p>\n<p><span data-contrast=\"none\">Les arts decoratives viuen un moment excepcional, amb l&#039;execuci\u00f3 d&#039;enlluernadors interiors com els de les cases Batll\u00f3, Amatller, Lle\u00f3 Morera o Mil\u00e0 del passeig de Gr\u00e0cia, i la producci\u00f3 d&#039;objectes de l&#039;art de la cer\u00e0mica, vitralls, forja, ebenisteria, orfebreria i obres de qualitat del cartellisme i la impressi\u00f3 gr\u00e0fica.\u00a0<\/span><span data-ccp-props=\"{&quot;134233117&quot;:false,&quot;134233118&quot;:false,&quot;201341983&quot;:0,&quot;335551550&quot;:6,&quot;335551620&quot;:6,&quot;335559738&quot;:0,&quot;335559739&quot;:0,&quot;335559740&quot;:276}\">\u00a0<\/span><\/p>\n<p><span data-contrast=\"none\">Segons l&#039;an\u00e0lisi de Susana G\u00f3mez Nu\u00f1o, especialista en Humanitats i Belles Arts, dins el grup d&#039;arquitectes creatius hi ha dues tend\u00e8ncies: una de car\u00e0cter m\u00e9s racional, purista i funcional, representada per Llu\u00eds Dom\u00e8nech i Montaner, Antoni Maria Galliss\u00e0, o Enric Granell, i una altra m\u00e9s vinculada als aspectes irracionals, expressionistes o job.<\/span><span data-ccp-props=\"{&quot;134233117&quot;:false,&quot;134233118&quot;:false,&quot;201341983&quot;:0,&quot;335551550&quot;:6,&quot;335551620&quot;:6,&quot;335559738&quot;:0,&quot;335559739&quot;:0,&quot;335559740&quot;:276}\">\u00a0<\/span><\/p>\n<p><span data-contrast=\"none\">Ramon Casas i Santiago Rusi\u00f1ol es signifiquen en la renovaci\u00f3 de la <a href=\"https:\/\/delfiramos.com\/ca\/fm-el-erotismo-en-la-pintura-modernista-y-vidal-balaguer-conversando-con-oriol-hernandez\/\" target=\"_blank\" rel=\"noopener\">pintura<\/a> cap al modernisme, incorporant aspectes de l&#039;impressionisme franc\u00e8s. La seg\u00fcent generaci\u00f3, representada, entre d&#039;altres, per Joaqu\u00edn Mir, Isidre Nonell, Maria Pidelaserra i Anglada-Camarasa, condueix la pintura catalana a una etapa de gran rellev\u00e0ncia. L?escultura modernista de Josep Llimona, Enric Claras\u00f3 i Miquel Blay es nodreix de la influ\u00e8ncia simbolista i de l?impacte de Rodin.<\/span><span data-ccp-props=\"{&quot;134233117&quot;:false,&quot;134233118&quot;:false,&quot;201341983&quot;:0,&quot;335551550&quot;:6,&quot;335551620&quot;:6,&quot;335559738&quot;:0,&quot;335559739&quot;:0,&quot;335559740&quot;:276}\">\u00a0<\/span><\/p>\n<p><span data-contrast=\"none\">A la <a href=\"https:\/\/delfiramos.com\/ca\/fmt-la-prensa-sicaliptica-y-los-estudios-sobre-el-comportamiento-sexual\/\" target=\"_blank\" rel=\"noopener\">literatura<\/a> es busquen noves formes d&#039;expressi\u00f3, m\u00e9s riques i contradict\u00f2ries, amb un simbolisme fort, a c\u00e0rrec de V\u00edctor Catal\u00e0, Prudenci Bertrana, Joan Maragall i Santiago Rusi\u00f1ol. Al teatre destaquen Joan Puig i Ferrater, Adri\u00e1n Gual, Ignasi Iglesias i Josep Pous.<\/span><span data-ccp-props=\"{&quot;134233117&quot;:false,&quot;134233118&quot;:false,&quot;201341983&quot;:0,&quot;335551550&quot;:6,&quot;335551620&quot;:6,&quot;335559738&quot;:0,&quot;335559739&quot;:0,&quot;335559740&quot;:276}\">\u00a0<\/span><\/p>\n<p><span data-contrast=\"none\">El nacionalisme musical genera nous corrents, sota la gran influ\u00e8ncia de Richard Wagner i tamb\u00e9 de l&#039;\u00f2pera italiana, destacant Isaac Alb\u00e9niz, Enric Granados, Llu\u00eds Millet, Amadeu Vives, Enric Morera i Felipe Pedrell. I per descomptat, no podem oblidar la florida de la <a href=\"https:\/\/delfiramos.com\/ca\/fmt-6-sobre-el-origen-de-la-sicalipsis-y-el-cuple\/\" target=\"_blank\" rel=\"noopener\">sicalipsi i el cuplet<\/a>, del qual parlarem en profunditat.<\/span><span data-ccp-props=\"{&quot;134233117&quot;:false,&quot;134233118&quot;:false,&quot;201341983&quot;:0,&quot;335551550&quot;:6,&quot;335551620&quot;:6,&quot;335559738&quot;:0,&quot;335559739&quot;:0,&quot;335559740&quot;:276}\">\u00a0<\/span><\/p>\n<p><span data-contrast=\"none\">El modernisme a Catalunya constitueix un moviment de renovaci\u00f3, reivindicatiu i provocador, de car\u00e0cter complex i divers, respecte a les convencions art\u00edstiques predominants a la societat de finals del segle XIX i les primeres d\u00e8cades del segle XX.<\/span><span data-ccp-props=\"{&quot;134233117&quot;:false,&quot;134233118&quot;:false,&quot;201341983&quot;:0,&quot;335551550&quot;:6,&quot;335551620&quot;:6,&quot;335559738&quot;:0,&quot;335559739&quot;:0,&quot;335559740&quot;:276}\">\u00a0<\/span><\/p>\n<p><span data-contrast=\"none\">Aquest enfocament progressista i de ruptura genera un moviment cultural i pol\u00edtic, que troba resist\u00e8ncia tant a les figures rellevants de la Renaixen\u00e7a, desenvolupada a la segona meitat del segle XX, com a la posterior oposici\u00f3 Noucentista de les primeres d\u00e8cades del segle XX.<\/span><span data-ccp-props=\"{&quot;134233117&quot;:false,&quot;134233118&quot;:false,&quot;201341983&quot;:0,&quot;335551550&quot;:6,&quot;335551620&quot;:6,&quot;335559738&quot;:0,&quot;335559739&quot;:0,&quot;335559740&quot;:276}\">\u00a0<\/span><\/p>\n<p><span data-contrast=\"none\">La revista <\/span><i><span data-contrast=\"none\">L&#039;Aven\u00e7<\/span><\/i><span data-contrast=\"none\">, fundada el 1881 per Jaume Mass\u00f3 i recolzada per un grup de joves de l&#039;alta burgesia, entre els quals hi havia els futurs pintors Santiago Rusi\u00f1ol i Ram\u00f3n Casas, utilitza per primera vegada el 1884 l&#039;adjectiu <\/span><i><span data-contrast=\"none\">modernista<\/span><\/i><span data-contrast=\"none\"> per referir-se a les influ\u00e8ncies culturals cosmopolites, en oposici\u00f3 a la cultura tradicional expressada a la revista <\/span><i><span data-contrast=\"none\">La Renaixen\u00e7a<\/span><\/i><span data-contrast=\"none\">, que s&#039;havia fundat el 1871.<\/span><span data-ccp-props=\"{&quot;134233117&quot;:false,&quot;134233118&quot;:false,&quot;201341983&quot;:0,&quot;335551550&quot;:6,&quot;335551620&quot;:6,&quot;335559738&quot;:0,&quot;335559739&quot;:0,&quot;335559740&quot;:276}\">\u00a0<\/span><\/p>\n<p><span data-contrast=\"none\">Una burgesia culta i acabalada, vinculada amb artistes i intel\u00b7lectuals i obrers industrials, componen la societat catalana d&#039;aquell per\u00edode, que reivindica la identitat catalana en el marc d&#039;una reforma cultural i pol\u00edtica. Renaixen\u00e7a, Modernisme i Noucentisme, componen de manera successiva la resposta est\u00e8tica a l&#039;afermament de la nova burgesia i al catalanisme pol\u00edtic.<\/span><span data-ccp-props=\"{&quot;134233117&quot;:false,&quot;134233118&quot;:false,&quot;201341983&quot;:0,&quot;335551550&quot;:6,&quot;335551620&quot;:6,&quot;335559738&quot;:0,&quot;335559739&quot;:0,&quot;335559740&quot;:276}\">\u00a0<\/span><\/p>\n<p><span data-contrast=\"none\">En aquest proc\u00e9s d&#039;afirmaci\u00f3 identit\u00e0ria de Catalunya hi contribueixen de manera decisiva els arquitectes, que a la feina professional afegeixen el seu comprom\u00eds nacionalista i es converteixen en els principals protagonistes del Modernisme. En aquesta din\u00e0mica, les innovacions arquitect\u00f2niques es localitzen de manera preferent a Barcelona, que s&#039;estableix com a refer\u00e8ncia fonamental.<\/span><span data-ccp-props=\"{&quot;134233117&quot;:false,&quot;134233118&quot;:false,&quot;201341983&quot;:0,&quot;335551550&quot;:6,&quot;335551620&quot;:6,&quot;335559738&quot;:0,&quot;335559739&quot;:0,&quot;335559740&quot;:276}\">\u00a0<\/span><\/p>\n<p><span data-contrast=\"none\">Aquestes caracter\u00edstiques espec\u00edfiques que graviten sobre el modernisme a Catalunya estableixen una difer\u00e8ncia en la seva inserci\u00f3 en la tend\u00e8ncia comuna de l&#039;avantguarda europea del temps que persegueix la creaci\u00f3 d&#039;un art nou, capa\u00e7 d&#039;expressar les inquietuds, els anhels i les caracter\u00edstiques d&#039;una \u00e8poca diferent. L&#039;arquitecte i historiador Leonardo Benevolo ho expressa de la manera seg\u00fcent: <em>&quot;El conjunt dels moviments europeus que pretenen la renovaci\u00f3 de l&#039;arquitectura del seu temps \u2012Secessi\u00f3, Jugendstil, Art Nouveau, escola de Glasgow, Liberty, Modern Style\u2012 tenen un desig com\u00fa de ruptura, llibertat, joventut i novetat, capa\u00e7 d&#039;imprimir l&#039;arquitectura d&#039;un nou car\u00e0cter&quot;.<\/em><\/span><em>\u00a0<\/em><\/p>","protected":false},"excerpt":{"rendered":"<p>La Fira Modernista de Terrassa celebra este 9, 10 y 11 de mayo su XXII edici\u00f3n, y resulta un excelente motivo para explorar, a trav\u00e9s de las diferentes manifestaciones art\u00edsticas, c\u00f3mo era la moral sexual durante el per\u00edodo modernista. Por esta raz\u00f3n, compartiremos una serie de publicaciones relacionadas con el tema, que pretenden ser un [&hellip;]<\/p>","protected":false},"author":5,"featured_media":3415,"comment_status":"closed","ping_status":"closed","sticky":false,"template":"","format":"standard","meta":{"_joinchat":[],"footnotes":""},"categories":[1,36],"tags":[],"class_list":["post-3413","post","type-post","status-publish","format-standard","has-post-thumbnail","hentry","category-psicologia","category-sexologia"],"yoast_head":"<!-- This site is optimized with the Yoast SEO plugin v25.2 - https:\/\/yoast.com\/wordpress\/plugins\/seo\/ -->\n<title>Fira Modernista de Terrassa: \u00bfC\u00f3mo era la moral sexual en la era modernista? &#183; Delfi Ramos<\/title>\n<meta name=\"robots\" content=\"index, follow, max-snippet:-1, max-image-preview:large, max-video-preview:-1\" \/>\n<link rel=\"canonical\" href=\"https:\/\/delfiramos.com\/ca\/fira-modernista-de-terrassa-como-era-la-moral-sexual-en-la-era-modernista\/\" \/>\n<meta property=\"og:locale\" content=\"ca_ES\" \/>\n<meta property=\"og:type\" content=\"article\" \/>\n<meta property=\"og:title\" content=\"Fira Modernista de Terrassa: \u00bfC\u00f3mo era la moral sexual en la era modernista? &#183; Delfi Ramos\" \/>\n<meta property=\"og:description\" content=\"La Fira Modernista de Terrassa celebra este 9, 10 y 11 de mayo su XXII edici\u00f3n, y resulta un excelente motivo para explorar, a trav\u00e9s de las diferentes manifestaciones art\u00edsticas, c\u00f3mo era la moral sexual durante el per\u00edodo modernista. Por esta raz\u00f3n, compartiremos una serie de publicaciones relacionadas con el tema, que pretenden ser un [&hellip;]\" \/>\n<meta property=\"og:url\" content=\"https:\/\/delfiramos.com\/ca\/fira-modernista-de-terrassa-como-era-la-moral-sexual-en-la-era-modernista\/\" \/>\n<meta property=\"og:site_name\" content=\"Delfi Ramos\" \/>\n<meta property=\"article:published_time\" content=\"2025-05-04T18:46:41+00:00\" \/>\n<meta property=\"article:modified_time\" content=\"2025-05-06T18:54:53+00:00\" \/>\n<meta property=\"og:image\" content=\"https:\/\/delfiramos.com\/wp-content\/uploads\/Cartel-moral-sexual-era-modernista-scaled.png\" \/>\n\t<meta property=\"og:image:width\" content=\"1447\" \/>\n\t<meta property=\"og:image:height\" content=\"2048\" \/>\n\t<meta property=\"og:image:type\" content=\"image\/png\" \/>\n<meta name=\"author\" content=\"Delfi Ramos\" \/>\n<meta name=\"twitter:card\" content=\"summary_large_image\" \/>\n<meta name=\"twitter:label1\" content=\"Escrit per\" \/>\n\t<meta name=\"twitter:data1\" content=\"Delfi Ramos\" \/>\n\t<meta name=\"twitter:label2\" content=\"Temps estimat de lectura\" \/>\n\t<meta name=\"twitter:data2\" content=\"7 minuts\" \/>\n<script type=\"application\/ld+json\" class=\"yoast-schema-graph\">{\"@context\":\"https:\/\/schema.org\",\"@graph\":[{\"@type\":\"Article\",\"@id\":\"https:\/\/delfiramos.com\/fira-modernista-de-terrassa-como-era-la-moral-sexual-en-la-era-modernista\/#article\",\"isPartOf\":{\"@id\":\"https:\/\/delfiramos.com\/fira-modernista-de-terrassa-como-era-la-moral-sexual-en-la-era-modernista\/\"},\"author\":{\"name\":\"Delfi Ramos\",\"@id\":\"https:\/\/delfiramos.com\/#\/schema\/person\/3b9dc9c684235188d03b71fcda7ba40c\"},\"headline\":\"Fira Modernista de Terrassa: \u00bfC\u00f3mo era la moral sexual en la era modernista?\",\"datePublished\":\"2025-05-04T18:46:41+00:00\",\"dateModified\":\"2025-05-06T18:54:53+00:00\",\"mainEntityOfPage\":{\"@id\":\"https:\/\/delfiramos.com\/fira-modernista-de-terrassa-como-era-la-moral-sexual-en-la-era-modernista\/\"},\"wordCount\":1562,\"publisher\":{\"@id\":\"https:\/\/delfiramos.com\/#\/schema\/person\/3b9dc9c684235188d03b71fcda7ba40c\"},\"image\":{\"@id\":\"https:\/\/delfiramos.com\/fira-modernista-de-terrassa-como-era-la-moral-sexual-en-la-era-modernista\/#primaryimage\"},\"thumbnailUrl\":\"https:\/\/delfiramos.com\/wp-content\/uploads\/Cartel-moral-sexual-era-modernista-scaled.png\",\"articleSection\":[\"Psicolog\u00eda\",\"Sexolog\u00eda\"],\"inLanguage\":\"ca\"},{\"@type\":\"WebPage\",\"@id\":\"https:\/\/delfiramos.com\/fira-modernista-de-terrassa-como-era-la-moral-sexual-en-la-era-modernista\/\",\"url\":\"https:\/\/delfiramos.com\/fira-modernista-de-terrassa-como-era-la-moral-sexual-en-la-era-modernista\/\",\"name\":\"Fira Modernista de Terrassa: \u00bfC\u00f3mo era la moral sexual en la era modernista? &#183; Delfi Ramos\",\"isPartOf\":{\"@id\":\"https:\/\/delfiramos.com\/#website\"},\"primaryImageOfPage\":{\"@id\":\"https:\/\/delfiramos.com\/fira-modernista-de-terrassa-como-era-la-moral-sexual-en-la-era-modernista\/#primaryimage\"},\"image\":{\"@id\":\"https:\/\/delfiramos.com\/fira-modernista-de-terrassa-como-era-la-moral-sexual-en-la-era-modernista\/#primaryimage\"},\"thumbnailUrl\":\"https:\/\/delfiramos.com\/wp-content\/uploads\/Cartel-moral-sexual-era-modernista-scaled.png\",\"datePublished\":\"2025-05-04T18:46:41+00:00\",\"dateModified\":\"2025-05-06T18:54:53+00:00\",\"breadcrumb\":{\"@id\":\"https:\/\/delfiramos.com\/fira-modernista-de-terrassa-como-era-la-moral-sexual-en-la-era-modernista\/#breadcrumb\"},\"inLanguage\":\"ca\",\"potentialAction\":[{\"@type\":\"ReadAction\",\"target\":[\"https:\/\/delfiramos.com\/fira-modernista-de-terrassa-como-era-la-moral-sexual-en-la-era-modernista\/\"]}]},{\"@type\":\"ImageObject\",\"inLanguage\":\"ca\",\"@id\":\"https:\/\/delfiramos.com\/fira-modernista-de-terrassa-como-era-la-moral-sexual-en-la-era-modernista\/#primaryimage\",\"url\":\"https:\/\/delfiramos.com\/wp-content\/uploads\/Cartel-moral-sexual-era-modernista-scaled.png\",\"contentUrl\":\"https:\/\/delfiramos.com\/wp-content\/uploads\/Cartel-moral-sexual-era-modernista-scaled.png\",\"width\":1447,\"height\":2048},{\"@type\":\"BreadcrumbList\",\"@id\":\"https:\/\/delfiramos.com\/fira-modernista-de-terrassa-como-era-la-moral-sexual-en-la-era-modernista\/#breadcrumb\",\"itemListElement\":[{\"@type\":\"ListItem\",\"position\":1,\"name\":\"Inicio\",\"item\":\"https:\/\/delfiramos.com\/inicio\/\"},{\"@type\":\"ListItem\",\"position\":2,\"name\":\"Fira Modernista de Terrassa: \u00bfC\u00f3mo era la moral sexual en la era modernista?\"}]},{\"@type\":\"WebSite\",\"@id\":\"https:\/\/delfiramos.com\/#website\",\"url\":\"https:\/\/delfiramos.com\/\",\"name\":\"Delfi Ramos\",\"description\":\"Psic\u00f3loga Sanitaria y Sex\u00f3loga \u00b7 M\u00e1ster en An\u00e1lisis Funcional en Contextos Cl\u00ednicos y de la Salud \u00b7 M\u00e1ster en Intervenci\u00f3n en Trastornos Psicol\u00f3gicos en Infancia y Adolescencia\",\"publisher\":{\"@id\":\"https:\/\/delfiramos.com\/#\/schema\/person\/3b9dc9c684235188d03b71fcda7ba40c\"},\"alternateName\":\"Sex\u00f3loga y Psic\u00f3loga Sanitaria\",\"potentialAction\":[{\"@type\":\"SearchAction\",\"target\":{\"@type\":\"EntryPoint\",\"urlTemplate\":\"https:\/\/delfiramos.com\/?s={search_term_string}\"},\"query-input\":{\"@type\":\"PropertyValueSpecification\",\"valueRequired\":true,\"valueName\":\"search_term_string\"}}],\"inLanguage\":\"ca\"},{\"@type\":[\"Person\",\"Organization\"],\"@id\":\"https:\/\/delfiramos.com\/#\/schema\/person\/3b9dc9c684235188d03b71fcda7ba40c\",\"name\":\"Delfi Ramos\",\"logo\":{\"@id\":\"https:\/\/delfiramos.com\/#\/schema\/person\/image\/\"},\"sameAs\":[\"https:\/\/delfiramos.com\/\"],\"url\":\"https:\/\/delfiramos.com\/ca\/author\/delfi-ramos\/\"}]}<\/script>\n<!-- \/ Yoast SEO plugin. -->","yoast_head_json":{"title":"Fira Modernista de Terrassa: \u00bfC\u00f3mo era la moral sexual en la era modernista? &#183; Delfi Ramos","robots":{"index":"index","follow":"follow","max-snippet":"max-snippet:-1","max-image-preview":"max-image-preview:large","max-video-preview":"max-video-preview:-1"},"canonical":"https:\/\/delfiramos.com\/ca\/fira-modernista-de-terrassa-como-era-la-moral-sexual-en-la-era-modernista\/","og_locale":"ca_ES","og_type":"article","og_title":"Fira Modernista de Terrassa: \u00bfC\u00f3mo era la moral sexual en la era modernista? &#183; Delfi Ramos","og_description":"La Fira Modernista de Terrassa celebra este 9, 10 y 11 de mayo su XXII edici\u00f3n, y resulta un excelente motivo para explorar, a trav\u00e9s de las diferentes manifestaciones art\u00edsticas, c\u00f3mo era la moral sexual durante el per\u00edodo modernista. Por esta raz\u00f3n, compartiremos una serie de publicaciones relacionadas con el tema, que pretenden ser un [&hellip;]","og_url":"https:\/\/delfiramos.com\/ca\/fira-modernista-de-terrassa-como-era-la-moral-sexual-en-la-era-modernista\/","og_site_name":"Delfi Ramos","article_published_time":"2025-05-04T18:46:41+00:00","article_modified_time":"2025-05-06T18:54:53+00:00","og_image":[{"width":1447,"height":2048,"url":"https:\/\/delfiramos.com\/wp-content\/uploads\/Cartel-moral-sexual-era-modernista-scaled.png","type":"image\/png"}],"author":"Delfi Ramos","twitter_card":"summary_large_image","twitter_misc":{"Escrit per":"Delfi Ramos","Temps estimat de lectura":"7 minuts"},"schema":{"@context":"https:\/\/schema.org","@graph":[{"@type":"Article","@id":"https:\/\/delfiramos.com\/fira-modernista-de-terrassa-como-era-la-moral-sexual-en-la-era-modernista\/#article","isPartOf":{"@id":"https:\/\/delfiramos.com\/fira-modernista-de-terrassa-como-era-la-moral-sexual-en-la-era-modernista\/"},"author":{"name":"Delfi Ramos","@id":"https:\/\/delfiramos.com\/#\/schema\/person\/3b9dc9c684235188d03b71fcda7ba40c"},"headline":"Fira Modernista de Terrassa: \u00bfC\u00f3mo era la moral sexual en la era modernista?","datePublished":"2025-05-04T18:46:41+00:00","dateModified":"2025-05-06T18:54:53+00:00","mainEntityOfPage":{"@id":"https:\/\/delfiramos.com\/fira-modernista-de-terrassa-como-era-la-moral-sexual-en-la-era-modernista\/"},"wordCount":1562,"publisher":{"@id":"https:\/\/delfiramos.com\/#\/schema\/person\/3b9dc9c684235188d03b71fcda7ba40c"},"image":{"@id":"https:\/\/delfiramos.com\/fira-modernista-de-terrassa-como-era-la-moral-sexual-en-la-era-modernista\/#primaryimage"},"thumbnailUrl":"https:\/\/delfiramos.com\/wp-content\/uploads\/Cartel-moral-sexual-era-modernista-scaled.png","articleSection":["Psicolog\u00eda","Sexolog\u00eda"],"inLanguage":"ca"},{"@type":"WebPage","@id":"https:\/\/delfiramos.com\/fira-modernista-de-terrassa-como-era-la-moral-sexual-en-la-era-modernista\/","url":"https:\/\/delfiramos.com\/fira-modernista-de-terrassa-como-era-la-moral-sexual-en-la-era-modernista\/","name":"Fira Modernista de Terrassa: \u00bfC\u00f3mo era la moral sexual en la era modernista? &#183; Delfi Ramos","isPartOf":{"@id":"https:\/\/delfiramos.com\/#website"},"primaryImageOfPage":{"@id":"https:\/\/delfiramos.com\/fira-modernista-de-terrassa-como-era-la-moral-sexual-en-la-era-modernista\/#primaryimage"},"image":{"@id":"https:\/\/delfiramos.com\/fira-modernista-de-terrassa-como-era-la-moral-sexual-en-la-era-modernista\/#primaryimage"},"thumbnailUrl":"https:\/\/delfiramos.com\/wp-content\/uploads\/Cartel-moral-sexual-era-modernista-scaled.png","datePublished":"2025-05-04T18:46:41+00:00","dateModified":"2025-05-06T18:54:53+00:00","breadcrumb":{"@id":"https:\/\/delfiramos.com\/fira-modernista-de-terrassa-como-era-la-moral-sexual-en-la-era-modernista\/#breadcrumb"},"inLanguage":"ca","potentialAction":[{"@type":"ReadAction","target":["https:\/\/delfiramos.com\/fira-modernista-de-terrassa-como-era-la-moral-sexual-en-la-era-modernista\/"]}]},{"@type":"ImageObject","inLanguage":"ca","@id":"https:\/\/delfiramos.com\/fira-modernista-de-terrassa-como-era-la-moral-sexual-en-la-era-modernista\/#primaryimage","url":"https:\/\/delfiramos.com\/wp-content\/uploads\/Cartel-moral-sexual-era-modernista-scaled.png","contentUrl":"https:\/\/delfiramos.com\/wp-content\/uploads\/Cartel-moral-sexual-era-modernista-scaled.png","width":1447,"height":2048},{"@type":"BreadcrumbList","@id":"https:\/\/delfiramos.com\/fira-modernista-de-terrassa-como-era-la-moral-sexual-en-la-era-modernista\/#breadcrumb","itemListElement":[{"@type":"ListItem","position":1,"name":"Inicio","item":"https:\/\/delfiramos.com\/inicio\/"},{"@type":"ListItem","position":2,"name":"Fira Modernista de Terrassa: \u00bfC\u00f3mo era la moral sexual en la era modernista?"}]},{"@type":"WebSite","@id":"https:\/\/delfiramos.com\/#website","url":"https:\/\/delfiramos.com\/","name":"Delfi Ramos","description":"Psic\u00f3loga Sanitaria y Sex\u00f3loga \u00b7 M\u00e1ster en An\u00e1lisis Funcional en Contextos Cl\u00ednicos y de la Salud \u00b7 M\u00e1ster en Intervenci\u00f3n en Trastornos Psicol\u00f3gicos en Infancia y Adolescencia","publisher":{"@id":"https:\/\/delfiramos.com\/#\/schema\/person\/3b9dc9c684235188d03b71fcda7ba40c"},"alternateName":"Sex\u00f3loga y Psic\u00f3loga Sanitaria","potentialAction":[{"@type":"SearchAction","target":{"@type":"EntryPoint","urlTemplate":"https:\/\/delfiramos.com\/?s={search_term_string}"},"query-input":{"@type":"PropertyValueSpecification","valueRequired":true,"valueName":"search_term_string"}}],"inLanguage":"ca"},{"@type":["Person","Organization"],"@id":"https:\/\/delfiramos.com\/#\/schema\/person\/3b9dc9c684235188d03b71fcda7ba40c","name":"Delfi Ramos","logo":{"@id":"https:\/\/delfiramos.com\/#\/schema\/person\/image\/"},"sameAs":["https:\/\/delfiramos.com\/"],"url":"https:\/\/delfiramos.com\/ca\/author\/delfi-ramos\/"}]}},"_links":{"self":[{"href":"https:\/\/delfiramos.com\/ca\/wp-json\/wp\/v2\/posts\/3413","targetHints":{"allow":["GET"]}}],"collection":[{"href":"https:\/\/delfiramos.com\/ca\/wp-json\/wp\/v2\/posts"}],"about":[{"href":"https:\/\/delfiramos.com\/ca\/wp-json\/wp\/v2\/types\/post"}],"author":[{"embeddable":true,"href":"https:\/\/delfiramos.com\/ca\/wp-json\/wp\/v2\/users\/5"}],"replies":[{"embeddable":true,"href":"https:\/\/delfiramos.com\/ca\/wp-json\/wp\/v2\/comments?post=3413"}],"version-history":[{"count":11,"href":"https:\/\/delfiramos.com\/ca\/wp-json\/wp\/v2\/posts\/3413\/revisions"}],"predecessor-version":[{"id":3577,"href":"https:\/\/delfiramos.com\/ca\/wp-json\/wp\/v2\/posts\/3413\/revisions\/3577"}],"wp:featuredmedia":[{"embeddable":true,"href":"https:\/\/delfiramos.com\/ca\/wp-json\/wp\/v2\/media\/3415"}],"wp:attachment":[{"href":"https:\/\/delfiramos.com\/ca\/wp-json\/wp\/v2\/media?parent=3413"}],"wp:term":[{"taxonomy":"category","embeddable":true,"href":"https:\/\/delfiramos.com\/ca\/wp-json\/wp\/v2\/categories?post=3413"},{"taxonomy":"post_tag","embeddable":true,"href":"https:\/\/delfiramos.com\/ca\/wp-json\/wp\/v2\/tags?post=3413"}],"curies":[{"name":"wp","href":"https:\/\/api.w.org\/{rel}","templated":true}]}}