{"id":3484,"date":"2025-05-04T23:48:01","date_gmt":"2025-05-04T21:48:01","guid":{"rendered":"https:\/\/delfiramos.com\/?p=3484"},"modified":"2025-05-05T09:14:08","modified_gmt":"2025-05-05T07:14:08","slug":"fm-el-erotismo-en-la-pintura-modernista-y-vidal-balaguer-conversando-con-oriol-hernandez","status":"publish","type":"post","link":"https:\/\/delfiramos.com\/ca\/fm-el-erotismo-en-la-pintura-modernista-y-vidal-balaguer-conversando-con-oriol-hernandez\/","title":{"rendered":"FMT 3: L&#039;erotisme a la pintura modernista i Vidal Balaguer. Conversant amb Oriol Hern\u00e1ndez"},"content":{"rendered":"<p><span data-contrast=\"none\">La pintura modernista, com altres arts com l&#039;escultura, la <a href=\"https:\/\/delfiramos.com\/ca\/fmt-la-prensa-sicaliptica-y-los-estudios-sobre-el-comportamiento-sexual\/\" target=\"_blank\" rel=\"noopener\">literatura<\/a> i el teatre, q\u00fcestionen les normes i els tab\u00fas establerts i encarrilen l&#039;expressi\u00f3 art\u00edstica amb llibertat, fomentant el di\u00e0leg social i estimulant el progr\u00e9s. <strong>Les obres er\u00f2tiques modernistes adquireixen el valor d&#039;instruments per a la reflexi\u00f3 i el debat sobre els l\u00edmits imposats a la societat.<\/strong> S&#039;enfronten a la censura i la cr\u00edtica i activen la pol\u00e8mica sobre la relaci\u00f3 entre art i moral sexual i sobre la llibertat d&#039;expressi\u00f3. El nu a l&#039;art reflecteix els c\u00e0nons socials per a l&#039;est\u00e8tica i la moralitat. Associat a l&#039;erotisme, el nu \u00e9s un tema recurrent a la producci\u00f3 art\u00edstica de totes les cultures. L&#039;auda\u00e7 tractament del color i la llum, les composicions ornamentals i els temes que exploren la bellesa i la sensualitat s\u00f3n caracter\u00edstiques comunes a les obres modernistes. Sovint es representen escenes de la vida nocturna i figures femenines amb un enfocament est\u00e8tic i emocional.<\/span><span data-ccp-props=\"{&quot;134233117&quot;:false,&quot;134233118&quot;:false,&quot;201341983&quot;:0,&quot;335551550&quot;:6,&quot;335551620&quot;:6,&quot;335559685&quot;:0,&quot;335559737&quot;:0,&quot;335559738&quot;:0,&quot;335559739&quot;:0,&quot;335559740&quot;:276}\">\u00a0<\/span><\/p>\n<p><span data-contrast=\"none\">En prenem com a mostra Ramon Casas, un dels pintors m\u00e9s c\u00e8lebres del modernisme catal\u00e0. El 1906 pinta \u201cFlora\u201d prenent com a model una Julia Peraire <em>\u00abamb perseveran\u00e7a compulsiva. La fa posar com a reina dels Jocs Florals, folkl\u00f2rica de mantellina i ventall, elegant automobilista, mare i fins i tot monja de l&#039;ordre de Calatrava. Passen els anys i passen els retrats \u2013m\u00e9s de 100 entre pintures i dibuixos\u2013 la successi\u00f3 dels quals il\u00b7lustra l&#039;autobiografia sentimental de l&#039;artista. Del 1906 \u00e9s Flora, una epifania de la seducci\u00f3 amb escot paraula d&#039;honor\u00bb<\/em>, segons escriu Gonzalo Ugidos. I del 1907 \u00e9s \u201cLa Sargantain\u201d: <em>\u00abLa mirada entre et\u00edlica i temptadora de La Sargantain, un prodigi de voluptuositat envoltada de seda groga, com a regal\u00bb<\/em>, escriu tamb\u00e9 sobre \u201cLa Sargantain\u201d Gonzalo Ugidos, que afegeix: <em>\u00ab<\/em><\/span><em>Flora i La Sargantain s\u00f3n imatges del desig i la passi\u00f3 (\u2026)\u00bb \u00a0<\/em><\/p>\n<div id=\"attachment_3486\" style=\"width: 910px\" class=\"wp-caption aligncenter\"><img loading=\"lazy\" decoding=\"async\" aria-describedby=\"caption-attachment-3486\" class=\"wp-image-3486 size-full\" src=\"https:\/\/delfiramos.com\/wp-content\/uploads\/Flora-Ramon-Casas.jpg\" alt=\"\" width=\"900\" height=\"707\" srcset=\"https:\/\/delfiramos.com\/wp-content\/uploads\/Flora-Ramon-Casas.jpg 900w, https:\/\/delfiramos.com\/wp-content\/uploads\/Flora-Ramon-Casas-300x236.jpg 300w, https:\/\/delfiramos.com\/wp-content\/uploads\/Flora-Ramon-Casas-768x603.jpg 768w, https:\/\/delfiramos.com\/wp-content\/uploads\/Flora-Ramon-Casas-15x12.jpg 15w, https:\/\/delfiramos.com\/wp-content\/uploads\/Flora-Ramon-Casas-705x554.jpg 705w\" sizes=\"auto, (max-width: 900px) 100vw, 900px\" \/><p id=\"caption-attachment-3486\" class=\"wp-caption-text\">Flora de Ramon Casas<\/p><\/div>\n<div id=\"attachment_3487\" style=\"width: 1375px\" class=\"wp-caption aligncenter\"><img loading=\"lazy\" decoding=\"async\" aria-describedby=\"caption-attachment-3487\" class=\"wp-image-3487 size-full\" src=\"https:\/\/delfiramos.com\/wp-content\/uploads\/La-Sargantain-Ramon-Casas-scaled.jpg\" alt=\"\" width=\"1365\" height=\"2048\" srcset=\"https:\/\/delfiramos.com\/wp-content\/uploads\/La-Sargantain-Ramon-Casas-scaled.jpg 1365w, https:\/\/delfiramos.com\/wp-content\/uploads\/La-Sargantain-Ramon-Casas-200x300.jpg 200w, https:\/\/delfiramos.com\/wp-content\/uploads\/La-Sargantain-Ramon-Casas-686x1030.jpg 686w, https:\/\/delfiramos.com\/wp-content\/uploads\/La-Sargantain-Ramon-Casas-768x1153.jpg 768w, https:\/\/delfiramos.com\/wp-content\/uploads\/La-Sargantain-Ramon-Casas-1024x1536.jpg 1024w, https:\/\/delfiramos.com\/wp-content\/uploads\/La-Sargantain-Ramon-Casas-8x12.jpg 8w, https:\/\/delfiramos.com\/wp-content\/uploads\/La-Sargantain-Ramon-Casas-1000x1500.jpg 1000w, https:\/\/delfiramos.com\/wp-content\/uploads\/La-Sargantain-Ramon-Casas-470x705.jpg 470w\" sizes=\"auto, (max-width: 1365px) 100vw, 1365px\" \/><p id=\"caption-attachment-3487\" class=\"wp-caption-text\">La Sargantain de Ramon Casas<\/p><\/div>\n<p><span data-contrast=\"none\">Resulta d&#039;especial inter\u00e8s esmentar una artista amb freq\u00fcentada oblidada, i reivindicar d&#039;aquesta manera la veu femenina al m\u00f3n de l&#039;art modernista. <\/span><i><span data-contrast=\"none\">Els Quatre Gats.<\/span><\/i><span data-contrast=\"none\"> \u00c9s l&#039;\u00fanica pintora de l&#039;\u00e8poca que va completar els estudis a Par\u00eds, on s&#039;aproxima al moviment feminista europeu. Segons exposa Nale Ontiveros, gestora cultural, \u00abquan va tornar a Barcelona, es va posar en contacte amb Carme Karr, fundadora de la revista <\/span><i><span data-contrast=\"none\">Feminal<\/span><\/i><span data-contrast=\"none\">, i l\u00edder catal\u00e0 del corrent feminista burg\u00e8s. Comen\u00e7a a col\u00b7laborar estretament amb aquesta revista, amb Francesca Bonnemaison i amb Dolors de Monserd\u00e1, figures importants del feminisme espanyol del moment. Va participar a l&#039;Institut de Cultura i Biblioteca Popular per a la Dona, fundat per Bonnemaison el 1905, al Patronat d&#039;Obreres de l&#039;Agulla, fundada per Monserd\u00e0, a la Llar, resid\u00e8ncia d&#039;estudiants i professors impulsada per Karr i el Comit\u00e8 Femen\u00ed Pacifista de Catalunya, impulsat per Monserd\u00e0 i Kard en 1 branques, l&#039;obrera i la burgesa, per\u00f2 coincidien en all\u00f2 fonamental. La l\u00edder de les treballadores era Teresa Claramunt, i la de les burgeses era Karr.<\/span><span data-ccp-props=\"{&quot;134233117&quot;:false,&quot;134233118&quot;:false,&quot;201341983&quot;:0,&quot;335551550&quot;:6,&quot;335551620&quot;:6,&quot;335559738&quot;:0,&quot;335559739&quot;:0,&quot;335559740&quot;:276}\">\u00a0<\/span><\/p>\n<p><span data-contrast=\"none\">El 1911 Llu\u00efsa Vidal va obrir una escola femenina de dibuix i pintura al seu propi estudi del carrer Proven\u00e7a. Amb ella, hi va haver altres dones en el moviment art\u00edstic modernista, entre les quals cal assenyalar, segons la documentaci\u00f3 realitzada per M\u00aa \u00c1ngeles Cabr\u00e9 <em>\u00abVisitaci\u00f3 Ubach, Ant\u00f2nia Farreras, Emilia Covanty, Elvira Malagarriga, les germanes Tom\u00e1s Salvani (gaireb\u00e9 sempre pertanyents a la burgesia). Per\u00f2 nom\u00e9s ella (Lluisa Vidal) ho va fer professionalment amb prou intensitat per ser considerada avui la pintora del modernisme catal\u00e0 (\u2026) Mentre Vidal es dedicava sobretot al retrat ia l&#039;anomenada pintura de g\u00e8nere (escenes de la vida quotidiana, on les dones arreglen la casa, toquen el piano\u2026), el va seguir al darrere la seva amiga Pepita Teixi al parc barcelon\u00ed de la Ciutadella. No em consta que a Vidal se li hagi dedicat cap escultura, per\u00f2 s\u00ed un petit passatge situat entre el modernista Hospital de Sant Pau i la Sagrada Fam\u00edlia\u00bb<\/em>.<\/span><span data-ccp-props=\"{&quot;134233117&quot;:false,&quot;134233118&quot;:false,&quot;201341983&quot;:0,&quot;335551550&quot;:6,&quot;335551620&quot;:6,&quot;335559738&quot;:0,&quot;335559739&quot;:0,&quot;335559740&quot;:276}\">\u00a0<\/span><\/p>\n<div id=\"attachment_3490\" style=\"width: 1608px\" class=\"wp-caption aligncenter\"><img loading=\"lazy\" decoding=\"async\" aria-describedby=\"caption-attachment-3490\" class=\"wp-image-3490 size-full\" src=\"https:\/\/delfiramos.com\/wp-content\/uploads\/Retrato-de-Carlota-Vidal-Lluisa-Vidal-scaled.jpg\" alt=\"\" width=\"1598\" height=\"2048\" srcset=\"https:\/\/delfiramos.com\/wp-content\/uploads\/Retrato-de-Carlota-Vidal-Lluisa-Vidal-scaled.jpg 1598w, https:\/\/delfiramos.com\/wp-content\/uploads\/Retrato-de-Carlota-Vidal-Lluisa-Vidal-234x300.jpg 234w, https:\/\/delfiramos.com\/wp-content\/uploads\/Retrato-de-Carlota-Vidal-Lluisa-Vidal-804x1030.jpg 804w, https:\/\/delfiramos.com\/wp-content\/uploads\/Retrato-de-Carlota-Vidal-Lluisa-Vidal-768x984.jpg 768w, https:\/\/delfiramos.com\/wp-content\/uploads\/Retrato-de-Carlota-Vidal-Lluisa-Vidal-1199x1536.jpg 1199w, https:\/\/delfiramos.com\/wp-content\/uploads\/Retrato-de-Carlota-Vidal-Lluisa-Vidal-9x12.jpg 9w, https:\/\/delfiramos.com\/wp-content\/uploads\/Retrato-de-Carlota-Vidal-Lluisa-Vidal-1171x1500.jpg 1171w, https:\/\/delfiramos.com\/wp-content\/uploads\/Retrato-de-Carlota-Vidal-Lluisa-Vidal-550x705.jpg 550w\" sizes=\"auto, (max-width: 1598px) 100vw, 1598px\" \/><p id=\"caption-attachment-3490\" class=\"wp-caption-text\">\u00abRetrato de Carlota Vidal\u00bb, de Lluisa Vidal<\/p><\/div>\n<p>&nbsp;<\/p>\n<p><span data-contrast=\"none\">Per posar el colof\u00f3 a aquesta entrada sobre pintura modernista, hem tingut l&#039;oportunitat de conversar amb Oriol Hern\u00e1ndez, dibuixant de c\u00f2mic egarenc format a L&#039;Escola de C\u00f2mic Joso, on actualment imparteix classes d&#039;il\u00b7lustraci\u00f3 digital. Entre els seus treballs m\u00e9s importants destaquen <\/span>\u00abLa pell de l&#039;\u00f3s\u00bb, pel qual va obtenir el Premi a l&#039;Autor Revelaci\u00f3 al Sal\u00f3 Internacional de C\u00f2mic de Barcelona de 2013 i el Premi Mor Vran 2013 a la millor Bande D\u00e9sin\u00e9e polic\u00edaca, aix\u00ed com les seves publicacions amb Zidrou: \u00abJoyeuses nouvelles pour petits adultes i mortes\u00bb o \u00abMadriguera\u00bb. A m\u00e9s, ha treballat en altres \u00e0mbits com l&#039;animaci\u00f3 (Donkey Xote i Noctura, de Filmax), la il\u00b7lustraci\u00f3 (\u00abEl Zombi\u00bb i \u00abA mi no m&#039;agraden els llibres!\u00bb<span data-contrast=\"none\">) i la publicitat.<\/span><span data-ccp-props=\"{&quot;134233117&quot;:false,&quot;134233118&quot;:false,&quot;201341983&quot;:0,&quot;335559738&quot;:0,&quot;335559739&quot;:0,&quot;335559740&quot;:276}\">\u00a0<\/span><\/p>\n<p>\u00abNaturaleses mortes\u00bb<span data-contrast=\"none\"> s&#039;endinsa en un cap\u00edtol de la vida del pintor modernista catal\u00e0 Vidal Balaguer, \u201cel pintor que mai no va existir\u201d, aix\u00ed que, quina millor oportunitat que la Fira Modernista per tenir una xerrada amb l&#039;Oriol a prop de la pintura modernista, i, sobretot, a prop del seu propi proc\u00e9s creatiu. <\/span><span data-ccp-props=\"{&quot;134233117&quot;:false,&quot;134233118&quot;:false,&quot;201341983&quot;:0,&quot;335559738&quot;:0,&quot;335559739&quot;:0,&quot;335559740&quot;:276}\">\u00a0<\/span><\/p>\n<p><b><span data-contrast=\"none\">Si l&#039;art \u00e9s en part un reflex de la mentalitat de l&#039;\u00e8poca en qu\u00e8 neix, trobem que a la tem\u00e0tica modernista t\u00e9 una gran pres\u00e8ncia l&#039;erotisme; aquest sempre ha estat un tema central en l&#039;art; Quins aspectes de la moral sexual de l&#039;\u00e8poca creus que es veuen reflectits a les seves obres?\u00a0<\/span><\/b><span data-ccp-props=\"{&quot;134233117&quot;:false,&quot;134233118&quot;:false,&quot;201341983&quot;:0,&quot;335559738&quot;:0,&quot;335559739&quot;:0,&quot;335559740&quot;:276}\">\u00a0<\/span><span data-contrast=\"none\">En aquesta \u00e8poca es basaven m\u00e9s a suggerir que a mostrar en general, hi havia una moral religiosa imperant en tots els \u00e0mbits, per la qual cosa la seducci\u00f3 es basava m\u00e9s a suggerir, de vegades fins i tot una postura d&#039;una m\u00e0, una noia totalment vestida per\u00f2 estirada en un sof\u00e0 d&#039;una manera suggerent m\u00e9s que no pas a mostrar directament.<\/span><span data-ccp-props=\"{&quot;134233117&quot;:false,&quot;134233118&quot;:false,&quot;201341983&quot;:0,&quot;335559738&quot;:0,&quot;335559739&quot;:0,&quot;335559740&quot;:276}\">\u00a0<\/span><\/p>\n<p><b><span data-contrast=\"none\">Picasso, en alguna de les seves obres, es va dedicar a estudiar l&#039;esperit cabareter i sical\u00edptic de l&#039;\u00e8poca, quina opini\u00f3 personal et mereix La Gommeuse i La Polaire?<\/span><\/b><span data-ccp-props=\"{&quot;134233117&quot;:false,&quot;134233118&quot;:false,&quot;201341983&quot;:0,&quot;335559738&quot;:0,&quot;335559739&quot;:0,&quot;335559740&quot;:276}\">\u00a0<\/span><span data-contrast=\"none\">Com sempre abans s&#039;havien pintat famosos, reis, nobles\u2026i com des de molt jove Picasso havia admirat Ramon Casas, a la seva primera exposici\u00f3 tenia aquest punt com a desafiant de voler pintar els borratxos del bar, les prostitutes\u2026i en aquesta l\u00ednia \u00e9s en qu\u00e8 va continuar. L&#039;Isidre Nonell, per exemple, pintava tamb\u00e9 gitanes, malaltes de s\u00edfilis\u2026 En aquesta \u00e8poca ells eren els famosos, eren com els jugadors de futbol d&#039;avui dia, <\/span><span data-contrast=\"auto\">eren personalitats influents<\/span><span data-contrast=\"none\">, tots venien a m\u00e9s de fam\u00edlies acabalades, s\u00ed que \u00e9s cert que a Picasso li havien tancat l&#039;aixeta perqu\u00e8 el volien aparellar amb la seva cosina per conservar la riquesa de la fam\u00edlia i ell no va voler, per\u00f2 al final eren uns nens desfasats, jo he llegit llibres de quan se&#039;n van anar Ramon Casas i Santiago Rusi\u00f1ol a Par\u00eds i s&#039;enganxaven <a href=\"https:\/\/delfiramos.com\/ca\/fmt-6-sobre-el-origen-de-la-sicalipsis-y-el-cuple\/\" target=\"_blank\" rel=\"noopener\">festes<\/a>\u2026 aix\u00ed que em recorda tot aquest rotllo d&#039;alcohol a sac, prostitutes\u2026 era del pal del que anaven.<\/span><span data-contrast=\"none\">\u00a0 <\/span><span data-contrast=\"auto\">Aix\u00ed, doncs, aquestes obres de Picasso s\u00f3n un reflex d&#039;aquesta mentalitat.\u00a0<\/span><span data-ccp-props=\"{&quot;134233117&quot;:false,&quot;134233118&quot;:false,&quot;201341983&quot;:0,&quot;335559738&quot;:0,&quot;335559739&quot;:0,&quot;335559740&quot;:276}\">\u00a0<\/span><\/p>\n<p><b><span data-contrast=\"none\">\u00bfVa tenir relaci\u00f3 Vidal Balaguer amb Picasso, com la va tenir per exemple amb Joaquim Mir?<\/span><\/b><span data-ccp-props=\"{&quot;134233117&quot;:false,&quot;134233118&quot;:false,&quot;201341983&quot;:0,&quot;335559738&quot;:0,&quot;335559739&quot;:0,&quot;335559740&quot;:276}\">\u00a0<\/span><span data-contrast=\"none\">S\u00ed, van estudiar junts, van anar junts a classe. Van estudiar a la Llotja, tot aix\u00f2 est\u00e0 documentat. Picasso era el m\u00e9s jove de la promoci\u00f3, tenia 15 anys quan hi va compartir classe, i Vidal Balaguer crec que en tenia 19.<\/span><span data-ccp-props=\"{&quot;134233117&quot;:false,&quot;134233118&quot;:false,&quot;201341983&quot;:0,&quot;335559738&quot;:0,&quot;335559739&quot;:0,&quot;335559740&quot;:276}\">\u00a0<\/span><\/p>\n<p><b><span data-contrast=\"none\">Tu millor que ning\u00fa no coneixes l&#039;obra de Vidal Balaguer, integrant de la Colla del Safr\u00e0. Precisament dins de les obres que es conserven de l&#039;artista, una de les centrals \u00e9s el nu de Mar Noguera, La dona del mant\u00f3. Qu\u00e8 creus que va intentar capturar Vidal Balaguer en aquest nu? Podr\u00edem dir que \u00e9s un testimoniatge m\u00e9s del m\u00f3n marginat de l&#039;\u00e8poca, com ho van ser les obres dels seus amics i coetanis Canals i Nonell?<\/span><\/b><span data-ccp-props=\"{&quot;134233117&quot;:false,&quot;134233118&quot;:false,&quot;201341983&quot;:0,&quot;335559738&quot;:0,&quot;335559739&quot;:0,&quot;335559740&quot;:276}\">\u00a0<\/span><span data-contrast=\"none\">S\u00ed, en certa manera s\u00ed. Se sap que Mar Noguera tamb\u00e9 tenia aspiracions art\u00edstiques, i aleshores el que feia era que, pel fet de posar-hi, podia con\u00e8ixer artistes, preguntar-los per les seves t\u00e8cniques i tot aix\u00f2, i en definitiva, el quadre \u00e9s una mostra d&#039;amor, Vidal era molt obsessiu i es va obsessionar completament per Mar. Sab\u00edem que la volia, per\u00f2 tamb\u00e9 arran de la seva desaparici\u00f3 se sospita si ell la va poder assassinar perqu\u00e8 no la va correspondre\u2026hi ha certes sospites.<\/span><span data-ccp-props=\"{&quot;134233117&quot;:false,&quot;134233118&quot;:false,&quot;201341983&quot;:0,&quot;335559738&quot;:0,&quot;335559739&quot;:0,&quot;335559740&quot;:276}\">\u00a0<\/span><\/p>\n<div id=\"attachment_3489\" style=\"width: 1108px\" class=\"wp-caption aligncenter\"><img loading=\"lazy\" decoding=\"async\" aria-describedby=\"caption-attachment-3489\" class=\"wp-image-3489 size-full\" src=\"https:\/\/delfiramos.com\/wp-content\/uploads\/Mar-Noguera-Vidal-Balaguer-Oriol-Hernandez.jpg\" alt=\"\" width=\"1098\" height=\"675\" srcset=\"https:\/\/delfiramos.com\/wp-content\/uploads\/Mar-Noguera-Vidal-Balaguer-Oriol-Hernandez.jpg 1098w, https:\/\/delfiramos.com\/wp-content\/uploads\/Mar-Noguera-Vidal-Balaguer-Oriol-Hernandez-300x184.jpg 300w, https:\/\/delfiramos.com\/wp-content\/uploads\/Mar-Noguera-Vidal-Balaguer-Oriol-Hernandez-1030x633.jpg 1030w, https:\/\/delfiramos.com\/wp-content\/uploads\/Mar-Noguera-Vidal-Balaguer-Oriol-Hernandez-768x472.jpg 768w, https:\/\/delfiramos.com\/wp-content\/uploads\/Mar-Noguera-Vidal-Balaguer-Oriol-Hernandez-18x12.jpg 18w, https:\/\/delfiramos.com\/wp-content\/uploads\/Mar-Noguera-Vidal-Balaguer-Oriol-Hernandez-705x433.jpg 705w\" sizes=\"auto, (max-width: 1098px) 100vw, 1098px\" \/><p id=\"caption-attachment-3489\" class=\"wp-caption-text\">Detall de \u00abLa dona del mant\u00f3\u00bb de Vidal Balaguer<\/p><\/div>\n<p><span data-ccp-props=\"{&quot;134233117&quot;:false,&quot;134233118&quot;:false,&quot;201341983&quot;:0,&quot;335559738&quot;:0,&quot;335559739&quot;:0,&quot;335559740&quot;:276}\">\u00a0<\/span><b><span data-contrast=\"none\">L&#039;obertura i el desenfat que transmet amb el nu de Mar Noguera contrasta for\u00e7a amb el zel que el va caracteritzar a l&#039;hora de protegir les seves obres de la mirada d&#039;estranys i curiosos, tal com ell mateix descriv\u00eds als seus diaris. Des del coneixement que tens sobre l&#039;artista, com diries que vivia l&#039;erotisme? ens parla aquest contrast d&#039;un Vidal de cert car\u00e0cter subversiu i anarquista per\u00f2 reservat per a la intimitat, sense arribar a eclosionar m\u00e9s enll\u00e0 del seu art i la seva vida privada? parlem d&#039;un Vidal que pateix una certa repressi\u00f3 i nom\u00e9s es permet\u00e9s aquesta llibertat a l&#039;esfera privada?<\/span><\/b><span data-ccp-props=\"{&quot;134233117&quot;:false,&quot;134233118&quot;:false,&quot;201341983&quot;:0,&quot;335559738&quot;:0,&quot;335559739&quot;:0,&quot;335559740&quot;:276}\">\u00a0<\/span><span data-contrast=\"none\">No, jo crec que era m\u00e9s una q\u00fcesti\u00f3 de zel, arribava fins a tal punt la seva obsessi\u00f3 per Mar que no volia vendre els seus quadres, els volia per a ell. No tenia cap problema en exposar-los per\u00f2 a l&#039;hora de vendre&#039;ls, en el moment que sorgia un comprador era <\/span><i><span data-contrast=\"none\">\u00abno, no, no, ho vull per a mi\u00bb<\/span><\/i><span data-contrast=\"none\">. No ho podem saber amb certesa, perqu\u00e8 va desapar\u00e8ixer.<\/span><span data-ccp-props=\"{&quot;134233117&quot;:false,&quot;134233118&quot;:false,&quot;201341983&quot;:0,&quot;335559738&quot;:0,&quot;335559739&quot;:0,&quot;335559740&quot;:276}\">\u00a0<\/span><\/p>\n<p><b><span data-contrast=\"none\">Com definiries l&#039;estil personal de Vidal Balaguer, el segell identitari? en qu\u00e8 es diferencia dels seus contemporanis?<\/span><\/b><span data-ccp-props=\"{&quot;134233117&quot;:false,&quot;134233118&quot;:false,&quot;201341983&quot;:0,&quot;335559738&quot;:0,&quot;335559739&quot;:0,&quot;335559740&quot;:276}\">\u00a0<\/span><span data-contrast=\"auto\">Vidal Balaguer semblava haver viatjat en el temps, com si vingu\u00e9s del futur, la seva pintura sembla contenir influ\u00e8ncies m\u00e9s modernes, un visionari infravalorat.<\/span><span data-ccp-props=\"{&quot;134233117&quot;:false,&quot;134233118&quot;:false,&quot;201341983&quot;:0,&quot;335551550&quot;:1,&quot;335551620&quot;:1,&quot;335559738&quot;:0,&quot;335559739&quot;:0,&quot;335559740&quot;:276}\">\u00a0<\/span><\/p>\n<p><b><span data-contrast=\"none\">Parla&#039;ns una mica de tu, en qu\u00e8 est\u00e0s treballant ara?<\/span><\/b><span data-ccp-props=\"{&quot;134233117&quot;:false,&quot;134233118&quot;:false,&quot;201341983&quot;:0,&quot;335559738&quot;:0,&quot;335559739&quot;:0,&quot;335559740&quot;:276}\">\u00a0<\/span><span data-contrast=\"none\">Doncs estic treballant en un c\u00f2mic amb tints autobiogr\u00e0fics per\u00f2 vehiculat per un gat, un llop i una sirena, i passa a Terrassa tot, entre Vallparadis, el castell de la cartoixa, les f\u00e0briques antigues\u2026 i, \u00e9s una mica una cr\u00edtica vetllada al capitalisme, que a la superf\u00edcie \u00e9s una aventura d&#039;uns personatges que han de rescatar-se i aix\u00f2, la IA, del creixement perqu\u00e8 s\u00ed, el posarem on sigui i tot aix\u00f2.<\/span><span data-ccp-props=\"{&quot;134233117&quot;:false,&quot;134233118&quot;:false,&quot;201341983&quot;:0,&quot;335559738&quot;:0,&quot;335559739&quot;:0,&quot;335559740&quot;:276}\">\u00a0<\/span><\/p>\n<p><b><span data-contrast=\"none\">Quines ganes de llegir-lo! Tens data de publicaci\u00f3?<\/span><\/b><span data-ccp-props=\"{&quot;134233117&quot;:false,&quot;134233118&quot;:false,&quot;201341983&quot;:0,&quot;335559738&quot;:0,&quot;335559739&quot;:0,&quot;335559740&quot;:276}\">\u00a0<\/span><span data-contrast=\"none\">El 2026 per\u00f2 encara no s\u00e9 quan, primer ho he d&#039;acabar i estic a mitges ara. Aquest ho he escrit jo, \u00e9s el primer en qu\u00e8 em llan\u00e7o a escriure&#039;l.<\/span><span data-ccp-props=\"{&quot;134233117&quot;:false,&quot;134233118&quot;:false,&quot;201341983&quot;:0,&quot;335559738&quot;:0,&quot;335559739&quot;:0,&quot;335559740&quot;:276}\">\u00a0<\/span><\/p>\n<p><b><span data-contrast=\"none\">Quin ha estat el que consideres l&#039;\u00e8xit m\u00e9s gran de la teva carrera?<\/span><\/b><span data-ccp-props=\"{&quot;134233117&quot;:false,&quot;134233118&quot;:false,&quot;201341983&quot;:0,&quot;335559738&quot;:0,&quot;335559739&quot;:0,&quot;335559740&quot;:276}\">\u00a0<\/span><span data-contrast=\"none\">Doncs mira, precisament ha estat recentment, adonar-me que m&#039;ho passo molt\u00edssim millor si escric jo les hist\u00f2ries, m&#039;agradaria continuar per aqu\u00ed, perqu\u00e8 s\u00ed que m&#039;ha agradat sobretot per exemple <\/span><i><span data-contrast=\"none\">Natures Mortes<\/span><\/i><span data-contrast=\"none\">, \u00e9s un llibre que Zidrou va escriure per a mi, va ser molt divertit de fer, feia coses que a mi no se m&#039;haguessin acudit, per\u00f2 s\u00ed que \u00e9s cert que quan tu penses la hist\u00f2ria t&#039;ho acomodes molt, i m&#039;ho estic passant molt b\u00e9 dibuixant les mogudes, no s\u00e9, que si tinc molt en el meu preu, que si s\u00f3c perqu\u00e8\u2026 et donin un premi o que venguis no s\u00e9 quant, per\u00f2 aquesta satisfacci\u00f3 dura tres minuts, i no obstant despr\u00e9s t&#039;has de passar tot el dia treballant, aix\u00ed que si el que tens sobre la taula et fa gaudir m\u00e9s, per mi explica m\u00e9s aquesta satisfacci\u00f3 que la de rebre un gran premi.<\/span><span data-ccp-props=\"{&quot;134233117&quot;:false,&quot;134233118&quot;:false,&quot;201341983&quot;:0,&quot;335559738&quot;:0,&quot;335559739&quot;:0,&quot;335559740&quot;:276}\">\u00a0<\/span><\/p>\n<p><b><span data-contrast=\"none\">I la dificultat m\u00e9s gran a qu\u00e8 has hagut d&#039;enfrontar-te?<\/span><\/b><span data-ccp-props=\"{&quot;134233117&quot;:false,&quot;134233118&quot;:false,&quot;201341983&quot;:0,&quot;335559738&quot;:0,&quot;335559739&quot;:0,&quot;335559740&quot;:276}\">\u00a0<\/span><span data-contrast=\"none\">Doncs tamb\u00e9 ha estat amb l&#039;\u00faltim projecte, bregar un pressupost molt baix, amb la meva vida, haver de tenir altres feines\u2026\u00e9s complicat fer projectes per a Espanya, a Fran\u00e7a els costa molt confiar en escriptors espanyols, o sigui, com a dibuixants molt b\u00e9, perqu\u00e8 dibuixar \u00abqualsevol pot\u00bb, per\u00f2 amb els guions s\u00f3n una mica m\u00e9s <\/span><span data-contrast=\"auto\">selectius.<\/span><span data-contrast=\"none\"> I b\u00e9, de moment no he aconseguit vendre&#039;l aqu\u00ed, aix\u00ed que vaig tirant amb un pressupost espanyol, per\u00f2 \u00e9s clar, implica haver de fer classes, haver d&#039;acceptar altres feines\u2026<\/span><span data-ccp-props=\"{&quot;134233117&quot;:false,&quot;134233118&quot;:false,&quot;201341983&quot;:0,&quot;335559738&quot;:0,&quot;335559739&quot;:0,&quot;335559740&quot;:276}\">\u00a0<\/span><\/p>\n<p><b><span data-contrast=\"none\">Tota carrera \u00e9s un emmotllament, un aprenentatge sobre un mateix mitjan\u00e7ant aproximacions successives cap a la maduresa i el perfeccionament. A l&#039;hora d&#039;aconseguir la inspiraci\u00f3, quins elements o circumst\u00e0ncies heu observat que la faciliten en el vostre cas? i qu\u00e8 la dificulta?<\/span><\/b><span data-ccp-props=\"{&quot;134233117&quot;:false,&quot;134233118&quot;:false,&quot;201341983&quot;:0,&quot;335559738&quot;:0,&quot;335559739&quot;:0,&quot;335559740&quot;:276}\">\u00a0<\/span><span data-contrast=\"none\">Doncs mira, qu\u00e8 la dificulta ho tinc molt clar, i no va en contra del que la facilita, per exemple, a mi m&#039;ha dificultat molt la inspiraci\u00f3 dels comentaris aliens, sobretot quan s\u00f3n dins de l&#039;equip, per exemple un guionista\u2026no em passava amb Zidrou per\u00f2 alguna vegada m&#039;ha passat que estaven molt damunt de detalls que no eren importants per a la narraci\u00f3, que eren petites i un patiment a l&#039;hora de treballar perqu\u00e8 pensava que en qualsevol punt es fixarien en una cosa que no estava b\u00e9 i llavors aix\u00f2 m&#039;anava frenant un munt. I, no obstant, que a la gent li agradi la meva feina s\u00ed que t&#039;ho posa m\u00e9s f\u00e0cil, s\u00ed que et fa aquest punt de \u00abah, qu\u00e8 guai, qu\u00e8 bo s\u00f3c\u00bb, com al camp de futbol, un jugador a qui l&#039;aplaudeixen tota l&#039;estona ja que se sent confiat i li surten m\u00e9s les coses, per\u00f2 penso que m\u00e9s important que el que et ve, \u00e9s important ficar-li coses de tu, coses que tu realment sents i coneixes, estar explicant una cosa que has viscut, aix\u00f2 em serveix molt de motivaci\u00f3.<\/span><span data-ccp-props=\"{&quot;134233117&quot;:false,&quot;134233118&quot;:false,&quot;201341983&quot;:0,&quot;335559738&quot;:0,&quot;335559739&quot;:0,&quot;335559740&quot;:276}\">\u00a0<\/span><\/p>\n<p><b><span data-contrast=\"none\">La creativitat \u00e9s un exercici de sinergia, de quines fonts et nodreixes a l&#039;hora de recollir influ\u00e8ncies?<\/span><\/b><span data-ccp-props=\"{&quot;134233117&quot;:false,&quot;134233118&quot;:false,&quot;201341983&quot;:0,&quot;335559738&quot;:0,&quot;335559739&quot;:0,&quot;335559740&quot;:276}\">\u00a0<\/span><span data-contrast=\"none\">Una mica han estat les mateixes tota la vida perqu\u00e8 jo vaig cr\u00e9ixer amb Bola de Drac, a mi em flipava, \u00e9s una cosa que em va impulsar molt a dir \u00abah, jo tamb\u00e9 vull fer les meves hist\u00f2ries!\u00bb, i continua sent aix\u00ed. L&#039;\u00faltim c\u00f2mic que vaig comen\u00e7ar, aquest en qu\u00e8 s\u00f3c ara, va ser arran de llegir una entrevista a l&#039;Akira Toriyama, en qu\u00e8 deia que feia les hist\u00f2ries curtes, de dotze cap\u00edtols, cosa que em va donar la idea de capitular-lo d&#039;aquesta manera, o com ell explicava, per exemple, \u00abvaig comen\u00e7ar aquest c\u00f2mic perqu\u00e8 tenia ganes de dibuixar-te \u00ab ganes de dibuixar?\u00bb. I b\u00e9, aquestes fonts de les quals em nodreixo s\u00f3n sobretot altres autors i autores, aquesta tradici\u00f3 \u00e9s la que et d\u00f3na una mica de context, si tu no haguessis vist mai ning\u00fa fer res \u00e9s molt dif\u00edcil que se t&#039;acudeixi per art de m\u00e0gia. Tamb\u00e9 \u00e9s un exercici de portar la contr\u00e0ria, quan veig com es fa \u00e9s en pla de \u00abrespectant com es fa per\u00f2, i perqu\u00e8 no donar-li sempre una petita volta?\u00bb per proposar alguna cosa nova dins de la tradici\u00f3.<\/span><span data-ccp-props=\"{&quot;134233117&quot;:false,&quot;134233118&quot;:false,&quot;201341983&quot;:0,&quot;335559738&quot;:0,&quot;335559739&quot;:0,&quot;335559740&quot;:276}\">\u00a0<\/span><\/p>\n<p><b><span data-contrast=\"none\">En el proc\u00e9s creatiu hi ha moments de frustraci\u00f3, moments de fluir la consci\u00e8ncia amb la tasca, com portes la toler\u00e0ncia a la frustraci\u00f3? et permets sentir-la? com ha estat la teva relaci\u00f3 amb la frustraci\u00f3 durant l&#039;evoluci\u00f3 del teu proc\u00e9s creatiu? et frustres avui menys que al principi?<\/span><\/b><span data-ccp-props=\"{&quot;134233117&quot;:false,&quot;134233118&quot;:false,&quot;201341983&quot;:0,&quot;335559738&quot;:0,&quot;335559739&quot;:0,&quot;335559740&quot;:276}\">\u00a0<\/span><span data-contrast=\"none\">Per comen\u00e7ar, sobre l&#039;\u00faltima pregunta, s\u00ed, em frustro menys que al principi, encara que em segueixo frustrant de vegades, per\u00f2 s\u00ed que m&#039;he autoimposat, i sobretot llegint altres autors, el dir \u00ab\u00e9s que mira, aquest per exemple deixa passar aquest tipus de coses, ia mi m&#039;agrada quan el llegeixo\u00bb, ho puc trobar si ho estic estudiant al principi que hi ha molt petits , perfeccionista, tenia la idea que havia de fer-ho super perfecte, si no no era v\u00e0lid, i penso que no, un treball art\u00edstic no \u00e9s una equaci\u00f3, la part t\u00e8cnica \u00e9s una petita part del treball, per\u00f2 no \u00e9s la que ho inunda tot, al final \u00e9s llenguatge, \u00e9s molt m\u00e9s important que expressi alguna cosa que no que cada coma estigui al seu lloc, i s\u00ed que he apr\u00e8s, segueix passant que de vegades segueixo veient un llop monguer, una cara d&#039;una nena monguer, o el que sigui, per\u00f2 intento corregir el m\u00ednim possible, intento deixar que flueixi, com a la vida. Vaig con\u00e8ixer un autor que ho feia tot directe, sense esb\u00f3s ni res, si el c\u00f2mic era a tinta ho feia directament a tinta, si era a color anava directe amb el color, sense esborrar res. Molta gent ho fa aix\u00ed, i he observat que la gent que m\u00e9s pilota ho fa aix\u00ed. Ell m&#039;explicava que la reflexi\u00f3 que havia fet era precisament amb la vida, tu a la vida no tens el bot\u00f3 d&#039;esborrar, o de tirar enrere, per\u00f2 aquesta \u00e9s la gr\u00e0cia, que no surti tot com t&#039;havies proposat, sin\u00f3 que hi ha vegades que hi ha coses que surten malament per\u00f2 et porten per un cam\u00ed que despr\u00e9s mola, i una mica doncs aix\u00f2, aprendre a ser. A mi a futur s\u00ed que m&#039;agradaria fer-ho tot d&#039;una manera molt m\u00e9s directa, amb aquest \u00faltim ho estic intentant, segueixo passant una mica pel filtre de \u00abho netejar\u00e9 per a tots els p\u00fablics\u00bb\u2026per\u00f2 b\u00e9, algun dia em sortir\u00e0 tot directe.\u00a0<\/span><span data-ccp-props=\"{&quot;134233117&quot;:false,&quot;134233118&quot;:false,&quot;201341983&quot;:0,&quot;335559738&quot;:0,&quot;335559739&quot;:0,&quot;335559740&quot;:276}\">\u00a0<\/span><\/p>\n<p><b><span data-contrast=\"none\">Quin ha estat, de tots els personatges que han sortit del teu pinzell, el que has sentit com a m\u00e9s real, m\u00e9s proper, del que m\u00e9s has apr\u00e8s?<\/span><\/b><span data-ccp-props=\"{&quot;134233117&quot;:false,&quot;134233118&quot;:false,&quot;201341983&quot;:0,&quot;335559738&quot;:0,&quot;335559739&quot;:0,&quot;335559740&quot;:276}\">\u00a0<\/span><span data-contrast=\"none\">Molts dels personatges estaven creats a patxes, com amb Zidrou. Com que l&#039;\u00faltim ho estic fent jo tot, aqu\u00ed hi ha m\u00e9s connexi\u00f3, de fet sento que s\u00f3c jo en certa manera; per cert, no t\u00e9 nom, es diu \u00abel gatet\u00bb.<\/span><span data-ccp-props=\"{&quot;134233117&quot;:false,&quot;134233118&quot;:false,&quot;201341983&quot;:0,&quot;335559738&quot;:0,&quot;335559739&quot;:0,&quot;335559740&quot;:276}\">\u00a0<\/span><\/p>\n<p><b><span data-contrast=\"none\">Uri, quina meravella que comparteixis amb nosaltres les teves experi\u00e8ncies i les teves reflexions, un mili\u00f3 de gr\u00e0cies i feli\u00e7 fira!<\/span><\/b><span data-ccp-props=\"{&quot;134233117&quot;:false,&quot;134233118&quot;:false,&quot;201341983&quot;:0,&quot;335559738&quot;:0,&quot;335559739&quot;:0,&quot;335559740&quot;:276}\">\u00a0<\/span><\/p>\n<div id=\"attachment_3488\" style=\"width: 1610px\" class=\"wp-caption aligncenter\"><img loading=\"lazy\" decoding=\"async\" aria-describedby=\"caption-attachment-3488\" class=\"wp-image-3488 size-full\" src=\"https:\/\/delfiramos.com\/wp-content\/uploads\/Le-Paon-Blanc-interpretacion-de-Oriol-Hernandez.png\" alt=\"\" width=\"1600\" height=\"1110\" srcset=\"https:\/\/delfiramos.com\/wp-content\/uploads\/Le-Paon-Blanc-interpretacion-de-Oriol-Hernandez.png 1600w, https:\/\/delfiramos.com\/wp-content\/uploads\/Le-Paon-Blanc-interpretacion-de-Oriol-Hernandez-300x208.png 300w, https:\/\/delfiramos.com\/wp-content\/uploads\/Le-Paon-Blanc-interpretacion-de-Oriol-Hernandez-1030x715.png 1030w, https:\/\/delfiramos.com\/wp-content\/uploads\/Le-Paon-Blanc-interpretacion-de-Oriol-Hernandez-768x533.png 768w, https:\/\/delfiramos.com\/wp-content\/uploads\/Le-Paon-Blanc-interpretacion-de-Oriol-Hernandez-1536x1066.png 1536w, https:\/\/delfiramos.com\/wp-content\/uploads\/Le-Paon-Blanc-interpretacion-de-Oriol-Hernandez-18x12.png 18w, https:\/\/delfiramos.com\/wp-content\/uploads\/Le-Paon-Blanc-interpretacion-de-Oriol-Hernandez-1500x1041.png 1500w, https:\/\/delfiramos.com\/wp-content\/uploads\/Le-Paon-Blanc-interpretacion-de-Oriol-Hernandez-705x489.png 705w\" sizes=\"auto, (max-width: 1600px) 100vw, 1600px\" \/><p id=\"caption-attachment-3488\" class=\"wp-caption-text\">Le Paon Blanc, interpretaci\u00f3 d&#039;Oriol Hern\u00e1ndez<\/p><\/div>","protected":false},"excerpt":{"rendered":"<p>La pintura modernista, al igual que otras artes como la escultura, la literatura y el teatro, cuestionan las normas y los tab\u00faes establecidos y encauzan con libertad la expresi\u00f3n art\u00edstica, fomentando el di\u00e1logo social y estimulando el progreso. Las obras er\u00f3ticas modernistas adquieren el valor de instrumentos para la reflexi\u00f3n y el debate sobre los [&hellip;]<\/p>","protected":false},"author":5,"featured_media":3485,"comment_status":"closed","ping_status":"closed","sticky":false,"template":"","format":"standard","meta":{"_joinchat":[],"footnotes":""},"categories":[1,36],"tags":[],"class_list":["post-3484","post","type-post","status-publish","format-standard","has-post-thumbnail","hentry","category-psicologia","category-sexologia"],"yoast_head":"<!-- This site is optimized with the Yoast SEO plugin v25.2 - https:\/\/yoast.com\/wordpress\/plugins\/seo\/ -->\n<title>FMT 3: El erotismo en la pintura modernista y Vidal Balaguer. Conversando con Oriol Hern\u00e1ndez &#183; Delfi Ramos<\/title>\n<meta name=\"robots\" content=\"index, follow, max-snippet:-1, max-image-preview:large, max-video-preview:-1\" \/>\n<link rel=\"canonical\" href=\"https:\/\/delfiramos.com\/ca\/fm-el-erotismo-en-la-pintura-modernista-y-vidal-balaguer-conversando-con-oriol-hernandez\/\" \/>\n<meta property=\"og:locale\" content=\"ca_ES\" \/>\n<meta property=\"og:type\" content=\"article\" \/>\n<meta property=\"og:title\" content=\"FMT 3: El erotismo en la pintura modernista y Vidal Balaguer. Conversando con Oriol Hern\u00e1ndez &#183; Delfi Ramos\" \/>\n<meta property=\"og:description\" content=\"La pintura modernista, al igual que otras artes como la escultura, la literatura y el teatro, cuestionan las normas y los tab\u00faes establecidos y encauzan con libertad la expresi\u00f3n art\u00edstica, fomentando el di\u00e1logo social y estimulando el progreso. Las obras er\u00f3ticas modernistas adquieren el valor de instrumentos para la reflexi\u00f3n y el debate sobre los [&hellip;]\" \/>\n<meta property=\"og:url\" content=\"https:\/\/delfiramos.com\/ca\/fm-el-erotismo-en-la-pintura-modernista-y-vidal-balaguer-conversando-con-oriol-hernandez\/\" \/>\n<meta property=\"og:site_name\" content=\"Delfi Ramos\" \/>\n<meta property=\"article:published_time\" content=\"2025-05-04T21:48:01+00:00\" \/>\n<meta property=\"article:modified_time\" content=\"2025-05-05T07:14:08+00:00\" \/>\n<meta property=\"og:image\" content=\"https:\/\/delfiramos.com\/wp-content\/uploads\/Con-Oriol-Hernandez-Naturalezas-muertas.jpg\" \/>\n\t<meta property=\"og:image:width\" content=\"1443\" \/>\n\t<meta property=\"og:image:height\" content=\"1098\" \/>\n\t<meta property=\"og:image:type\" content=\"image\/jpeg\" \/>\n<meta name=\"author\" content=\"Delfi Ramos\" \/>\n<meta name=\"twitter:card\" content=\"summary_large_image\" \/>\n<meta name=\"twitter:label1\" content=\"Escrit per\" \/>\n\t<meta name=\"twitter:data1\" content=\"Delfi Ramos\" \/>\n\t<meta name=\"twitter:label2\" content=\"Temps estimat de lectura\" \/>\n\t<meta name=\"twitter:data2\" content=\"16 minuts\" \/>\n<script type=\"application\/ld+json\" class=\"yoast-schema-graph\">{\"@context\":\"https:\/\/schema.org\",\"@graph\":[{\"@type\":\"Article\",\"@id\":\"https:\/\/delfiramos.com\/fm-el-erotismo-en-la-pintura-modernista-y-vidal-balaguer-conversando-con-oriol-hernandez\/#article\",\"isPartOf\":{\"@id\":\"https:\/\/delfiramos.com\/fm-el-erotismo-en-la-pintura-modernista-y-vidal-balaguer-conversando-con-oriol-hernandez\/\"},\"author\":{\"name\":\"Delfi Ramos\",\"@id\":\"https:\/\/delfiramos.com\/#\/schema\/person\/3b9dc9c684235188d03b71fcda7ba40c\"},\"headline\":\"FMT 3: El erotismo en la pintura modernista y Vidal Balaguer. Conversando con Oriol Hern\u00e1ndez\",\"datePublished\":\"2025-05-04T21:48:01+00:00\",\"dateModified\":\"2025-05-05T07:14:08+00:00\",\"mainEntityOfPage\":{\"@id\":\"https:\/\/delfiramos.com\/fm-el-erotismo-en-la-pintura-modernista-y-vidal-balaguer-conversando-con-oriol-hernandez\/\"},\"wordCount\":3369,\"publisher\":{\"@id\":\"https:\/\/delfiramos.com\/#\/schema\/person\/3b9dc9c684235188d03b71fcda7ba40c\"},\"image\":{\"@id\":\"https:\/\/delfiramos.com\/fm-el-erotismo-en-la-pintura-modernista-y-vidal-balaguer-conversando-con-oriol-hernandez\/#primaryimage\"},\"thumbnailUrl\":\"https:\/\/delfiramos.com\/wp-content\/uploads\/Con-Oriol-Hernandez-Naturalezas-muertas.jpg\",\"articleSection\":[\"Psicolog\u00eda\",\"Sexolog\u00eda\"],\"inLanguage\":\"ca\"},{\"@type\":\"WebPage\",\"@id\":\"https:\/\/delfiramos.com\/fm-el-erotismo-en-la-pintura-modernista-y-vidal-balaguer-conversando-con-oriol-hernandez\/\",\"url\":\"https:\/\/delfiramos.com\/fm-el-erotismo-en-la-pintura-modernista-y-vidal-balaguer-conversando-con-oriol-hernandez\/\",\"name\":\"FMT 3: El erotismo en la pintura modernista y Vidal Balaguer. Conversando con Oriol Hern\u00e1ndez &#183; Delfi Ramos\",\"isPartOf\":{\"@id\":\"https:\/\/delfiramos.com\/#website\"},\"primaryImageOfPage\":{\"@id\":\"https:\/\/delfiramos.com\/fm-el-erotismo-en-la-pintura-modernista-y-vidal-balaguer-conversando-con-oriol-hernandez\/#primaryimage\"},\"image\":{\"@id\":\"https:\/\/delfiramos.com\/fm-el-erotismo-en-la-pintura-modernista-y-vidal-balaguer-conversando-con-oriol-hernandez\/#primaryimage\"},\"thumbnailUrl\":\"https:\/\/delfiramos.com\/wp-content\/uploads\/Con-Oriol-Hernandez-Naturalezas-muertas.jpg\",\"datePublished\":\"2025-05-04T21:48:01+00:00\",\"dateModified\":\"2025-05-05T07:14:08+00:00\",\"breadcrumb\":{\"@id\":\"https:\/\/delfiramos.com\/fm-el-erotismo-en-la-pintura-modernista-y-vidal-balaguer-conversando-con-oriol-hernandez\/#breadcrumb\"},\"inLanguage\":\"ca\",\"potentialAction\":[{\"@type\":\"ReadAction\",\"target\":[\"https:\/\/delfiramos.com\/fm-el-erotismo-en-la-pintura-modernista-y-vidal-balaguer-conversando-con-oriol-hernandez\/\"]}]},{\"@type\":\"ImageObject\",\"inLanguage\":\"ca\",\"@id\":\"https:\/\/delfiramos.com\/fm-el-erotismo-en-la-pintura-modernista-y-vidal-balaguer-conversando-con-oriol-hernandez\/#primaryimage\",\"url\":\"https:\/\/delfiramos.com\/wp-content\/uploads\/Con-Oriol-Hernandez-Naturalezas-muertas.jpg\",\"contentUrl\":\"https:\/\/delfiramos.com\/wp-content\/uploads\/Con-Oriol-Hernandez-Naturalezas-muertas.jpg\",\"width\":1443,\"height\":1098},{\"@type\":\"BreadcrumbList\",\"@id\":\"https:\/\/delfiramos.com\/fm-el-erotismo-en-la-pintura-modernista-y-vidal-balaguer-conversando-con-oriol-hernandez\/#breadcrumb\",\"itemListElement\":[{\"@type\":\"ListItem\",\"position\":1,\"name\":\"Inicio\",\"item\":\"https:\/\/delfiramos.com\/inicio\/\"},{\"@type\":\"ListItem\",\"position\":2,\"name\":\"FMT 3: El erotismo en la pintura modernista y Vidal Balaguer. Conversando con Oriol Hern\u00e1ndez\"}]},{\"@type\":\"WebSite\",\"@id\":\"https:\/\/delfiramos.com\/#website\",\"url\":\"https:\/\/delfiramos.com\/\",\"name\":\"Delfi Ramos\",\"description\":\"Psic\u00f3loga Sanitaria y Sex\u00f3loga \u00b7 M\u00e1ster en An\u00e1lisis Funcional en Contextos Cl\u00ednicos y de la Salud \u00b7 M\u00e1ster en Intervenci\u00f3n en Trastornos Psicol\u00f3gicos en Infancia y Adolescencia\",\"publisher\":{\"@id\":\"https:\/\/delfiramos.com\/#\/schema\/person\/3b9dc9c684235188d03b71fcda7ba40c\"},\"alternateName\":\"Sex\u00f3loga y Psic\u00f3loga Sanitaria\",\"potentialAction\":[{\"@type\":\"SearchAction\",\"target\":{\"@type\":\"EntryPoint\",\"urlTemplate\":\"https:\/\/delfiramos.com\/?s={search_term_string}\"},\"query-input\":{\"@type\":\"PropertyValueSpecification\",\"valueRequired\":true,\"valueName\":\"search_term_string\"}}],\"inLanguage\":\"ca\"},{\"@type\":[\"Person\",\"Organization\"],\"@id\":\"https:\/\/delfiramos.com\/#\/schema\/person\/3b9dc9c684235188d03b71fcda7ba40c\",\"name\":\"Delfi Ramos\",\"logo\":{\"@id\":\"https:\/\/delfiramos.com\/#\/schema\/person\/image\/\"},\"sameAs\":[\"https:\/\/delfiramos.com\/\"],\"url\":\"https:\/\/delfiramos.com\/ca\/author\/delfi-ramos\/\"}]}<\/script>\n<!-- \/ Yoast SEO plugin. -->","yoast_head_json":{"title":"FMT 3: El erotismo en la pintura modernista y Vidal Balaguer. Conversando con Oriol Hern\u00e1ndez &#183; Delfi Ramos","robots":{"index":"index","follow":"follow","max-snippet":"max-snippet:-1","max-image-preview":"max-image-preview:large","max-video-preview":"max-video-preview:-1"},"canonical":"https:\/\/delfiramos.com\/ca\/fm-el-erotismo-en-la-pintura-modernista-y-vidal-balaguer-conversando-con-oriol-hernandez\/","og_locale":"ca_ES","og_type":"article","og_title":"FMT 3: El erotismo en la pintura modernista y Vidal Balaguer. Conversando con Oriol Hern\u00e1ndez &#183; Delfi Ramos","og_description":"La pintura modernista, al igual que otras artes como la escultura, la literatura y el teatro, cuestionan las normas y los tab\u00faes establecidos y encauzan con libertad la expresi\u00f3n art\u00edstica, fomentando el di\u00e1logo social y estimulando el progreso. Las obras er\u00f3ticas modernistas adquieren el valor de instrumentos para la reflexi\u00f3n y el debate sobre los [&hellip;]","og_url":"https:\/\/delfiramos.com\/ca\/fm-el-erotismo-en-la-pintura-modernista-y-vidal-balaguer-conversando-con-oriol-hernandez\/","og_site_name":"Delfi Ramos","article_published_time":"2025-05-04T21:48:01+00:00","article_modified_time":"2025-05-05T07:14:08+00:00","og_image":[{"width":1443,"height":1098,"url":"https:\/\/delfiramos.com\/wp-content\/uploads\/Con-Oriol-Hernandez-Naturalezas-muertas.jpg","type":"image\/jpeg"}],"author":"Delfi Ramos","twitter_card":"summary_large_image","twitter_misc":{"Escrit per":"Delfi Ramos","Temps estimat de lectura":"16 minuts"},"schema":{"@context":"https:\/\/schema.org","@graph":[{"@type":"Article","@id":"https:\/\/delfiramos.com\/fm-el-erotismo-en-la-pintura-modernista-y-vidal-balaguer-conversando-con-oriol-hernandez\/#article","isPartOf":{"@id":"https:\/\/delfiramos.com\/fm-el-erotismo-en-la-pintura-modernista-y-vidal-balaguer-conversando-con-oriol-hernandez\/"},"author":{"name":"Delfi Ramos","@id":"https:\/\/delfiramos.com\/#\/schema\/person\/3b9dc9c684235188d03b71fcda7ba40c"},"headline":"FMT 3: El erotismo en la pintura modernista y Vidal Balaguer. Conversando con Oriol Hern\u00e1ndez","datePublished":"2025-05-04T21:48:01+00:00","dateModified":"2025-05-05T07:14:08+00:00","mainEntityOfPage":{"@id":"https:\/\/delfiramos.com\/fm-el-erotismo-en-la-pintura-modernista-y-vidal-balaguer-conversando-con-oriol-hernandez\/"},"wordCount":3369,"publisher":{"@id":"https:\/\/delfiramos.com\/#\/schema\/person\/3b9dc9c684235188d03b71fcda7ba40c"},"image":{"@id":"https:\/\/delfiramos.com\/fm-el-erotismo-en-la-pintura-modernista-y-vidal-balaguer-conversando-con-oriol-hernandez\/#primaryimage"},"thumbnailUrl":"https:\/\/delfiramos.com\/wp-content\/uploads\/Con-Oriol-Hernandez-Naturalezas-muertas.jpg","articleSection":["Psicolog\u00eda","Sexolog\u00eda"],"inLanguage":"ca"},{"@type":"WebPage","@id":"https:\/\/delfiramos.com\/fm-el-erotismo-en-la-pintura-modernista-y-vidal-balaguer-conversando-con-oriol-hernandez\/","url":"https:\/\/delfiramos.com\/fm-el-erotismo-en-la-pintura-modernista-y-vidal-balaguer-conversando-con-oriol-hernandez\/","name":"FMT 3: El erotismo en la pintura modernista y Vidal Balaguer. Conversando con Oriol Hern\u00e1ndez &#183; Delfi Ramos","isPartOf":{"@id":"https:\/\/delfiramos.com\/#website"},"primaryImageOfPage":{"@id":"https:\/\/delfiramos.com\/fm-el-erotismo-en-la-pintura-modernista-y-vidal-balaguer-conversando-con-oriol-hernandez\/#primaryimage"},"image":{"@id":"https:\/\/delfiramos.com\/fm-el-erotismo-en-la-pintura-modernista-y-vidal-balaguer-conversando-con-oriol-hernandez\/#primaryimage"},"thumbnailUrl":"https:\/\/delfiramos.com\/wp-content\/uploads\/Con-Oriol-Hernandez-Naturalezas-muertas.jpg","datePublished":"2025-05-04T21:48:01+00:00","dateModified":"2025-05-05T07:14:08+00:00","breadcrumb":{"@id":"https:\/\/delfiramos.com\/fm-el-erotismo-en-la-pintura-modernista-y-vidal-balaguer-conversando-con-oriol-hernandez\/#breadcrumb"},"inLanguage":"ca","potentialAction":[{"@type":"ReadAction","target":["https:\/\/delfiramos.com\/fm-el-erotismo-en-la-pintura-modernista-y-vidal-balaguer-conversando-con-oriol-hernandez\/"]}]},{"@type":"ImageObject","inLanguage":"ca","@id":"https:\/\/delfiramos.com\/fm-el-erotismo-en-la-pintura-modernista-y-vidal-balaguer-conversando-con-oriol-hernandez\/#primaryimage","url":"https:\/\/delfiramos.com\/wp-content\/uploads\/Con-Oriol-Hernandez-Naturalezas-muertas.jpg","contentUrl":"https:\/\/delfiramos.com\/wp-content\/uploads\/Con-Oriol-Hernandez-Naturalezas-muertas.jpg","width":1443,"height":1098},{"@type":"BreadcrumbList","@id":"https:\/\/delfiramos.com\/fm-el-erotismo-en-la-pintura-modernista-y-vidal-balaguer-conversando-con-oriol-hernandez\/#breadcrumb","itemListElement":[{"@type":"ListItem","position":1,"name":"Inicio","item":"https:\/\/delfiramos.com\/inicio\/"},{"@type":"ListItem","position":2,"name":"FMT 3: El erotismo en la pintura modernista y Vidal Balaguer. Conversando con Oriol Hern\u00e1ndez"}]},{"@type":"WebSite","@id":"https:\/\/delfiramos.com\/#website","url":"https:\/\/delfiramos.com\/","name":"Delfi Ramos","description":"Psic\u00f3loga Sanitaria y Sex\u00f3loga \u00b7 M\u00e1ster en An\u00e1lisis Funcional en Contextos Cl\u00ednicos y de la Salud \u00b7 M\u00e1ster en Intervenci\u00f3n en Trastornos Psicol\u00f3gicos en Infancia y Adolescencia","publisher":{"@id":"https:\/\/delfiramos.com\/#\/schema\/person\/3b9dc9c684235188d03b71fcda7ba40c"},"alternateName":"Sex\u00f3loga y Psic\u00f3loga Sanitaria","potentialAction":[{"@type":"SearchAction","target":{"@type":"EntryPoint","urlTemplate":"https:\/\/delfiramos.com\/?s={search_term_string}"},"query-input":{"@type":"PropertyValueSpecification","valueRequired":true,"valueName":"search_term_string"}}],"inLanguage":"ca"},{"@type":["Person","Organization"],"@id":"https:\/\/delfiramos.com\/#\/schema\/person\/3b9dc9c684235188d03b71fcda7ba40c","name":"Delfi Ramos","logo":{"@id":"https:\/\/delfiramos.com\/#\/schema\/person\/image\/"},"sameAs":["https:\/\/delfiramos.com\/"],"url":"https:\/\/delfiramos.com\/ca\/author\/delfi-ramos\/"}]}},"_links":{"self":[{"href":"https:\/\/delfiramos.com\/ca\/wp-json\/wp\/v2\/posts\/3484","targetHints":{"allow":["GET"]}}],"collection":[{"href":"https:\/\/delfiramos.com\/ca\/wp-json\/wp\/v2\/posts"}],"about":[{"href":"https:\/\/delfiramos.com\/ca\/wp-json\/wp\/v2\/types\/post"}],"author":[{"embeddable":true,"href":"https:\/\/delfiramos.com\/ca\/wp-json\/wp\/v2\/users\/5"}],"replies":[{"embeddable":true,"href":"https:\/\/delfiramos.com\/ca\/wp-json\/wp\/v2\/comments?post=3484"}],"version-history":[{"count":6,"href":"https:\/\/delfiramos.com\/ca\/wp-json\/wp\/v2\/posts\/3484\/revisions"}],"predecessor-version":[{"id":3555,"href":"https:\/\/delfiramos.com\/ca\/wp-json\/wp\/v2\/posts\/3484\/revisions\/3555"}],"wp:featuredmedia":[{"embeddable":true,"href":"https:\/\/delfiramos.com\/ca\/wp-json\/wp\/v2\/media\/3485"}],"wp:attachment":[{"href":"https:\/\/delfiramos.com\/ca\/wp-json\/wp\/v2\/media?parent=3484"}],"wp:term":[{"taxonomy":"category","embeddable":true,"href":"https:\/\/delfiramos.com\/ca\/wp-json\/wp\/v2\/categories?post=3484"},{"taxonomy":"post_tag","embeddable":true,"href":"https:\/\/delfiramos.com\/ca\/wp-json\/wp\/v2\/tags?post=3484"}],"curies":[{"name":"wp","href":"https:\/\/api.w.org\/{rel}","templated":true}]}}