{"id":3494,"date":"2025-05-05T01:06:21","date_gmt":"2025-05-04T23:06:21","guid":{"rendered":"https:\/\/delfiramos.com\/?p=3494"},"modified":"2025-05-05T08:22:29","modified_gmt":"2025-05-05T06:22:29","slug":"fmt-la-prensa-sicaliptica-y-los-estudios-sobre-el-comportamiento-sexual","status":"publish","type":"post","link":"https:\/\/delfiramos.com\/ca\/fmt-la-prensa-sicaliptica-y-los-estudios-sobre-el-comportamiento-sexual\/","title":{"rendered":"FMT 4: La premsa sical\u00edptica i els estudis sobre el comportament sexual"},"content":{"rendered":"<p><span data-contrast=\"none\">Durant els segles XVII, XVIII, XIX i part del XX Fran\u00e7a ser\u00e0 un model cultural a nivell internacional. Aquells espanyols que pretenien recuperar l&#039;esperit dels \u00c0ustries rebutjaven la vida galant que proposava l&#039;avantguardista model franc\u00e8s. La galanteria q\u00fcestiona les f\u00e8rries dicotomies de g\u00e8nere, la dona galant \u00e9s aut\u00f2noma i independent i aix\u00f2 suposa un perill encara m\u00e9s gran que la mera picardia o teatralitzaci\u00f3 del flirteig. Alain Viala, en la seva revaluaci\u00f3 hist\u00f2rica de la galanteria, la defineix no nom\u00e9s com una est\u00e8tica sin\u00f3 tamb\u00e9 com una \u00e8tica i un model social oposat al model burg\u00e8s. <\/span><span data-ccp-props=\"{&quot;134233117&quot;:false,&quot;134233118&quot;:false,&quot;201341983&quot;:0,&quot;335551550&quot;:1,&quot;335551620&quot;:1,&quot;335559685&quot;:0,&quot;335559737&quot;:0,&quot;335559738&quot;:0,&quot;335559739&quot;:160,&quot;335559740&quot;:276}\">\u00a0<\/span><\/p>\n<p><span data-contrast=\"none\"><strong>Les revistes sical\u00edptiques del per\u00edode modernista van constituir un excel\u00b7lent mitj\u00e0 de transmissi\u00f3 de la nova moral emergent, reproduint a la perfecci\u00f3 el model de vida galant.<\/strong> Tildar-les \u00fanicament d&#039;er\u00f2tiques seria faltar a tot el significat que hi ha darrere del terme <a href=\"https:\/\/delfiramos.com\/ca\/fmt-6-sobre-el-origen-de-la-sicalipsis-y-el-cuple\/\" target=\"_blank\" rel=\"noopener\">sical\u00edptic<\/a>. Comercialitzades a trav\u00e9s d&#039;un sistema de subscripci\u00f3 postal per burlar la censura, recollien continguts que anaven des del suggeridor fins a la pornografia m\u00e9s expl\u00edcita: agitaci\u00f3 entre humor\u00edstica i provocativa en forma de passatemps l\u00fabrics, dibuixos, guies d&#039;oci nocturn, <a href=\"https:\/\/delfiramos.com\/ca\/fm-galeria-de-fotografia-erotica-modernista\/\" target=\"_blank\" rel=\"noopener\">fotografies<\/a>, moltes fotografies\u2026 En incomptables ocasions les cupletistes eren la imatge de les revistes, i <strong>la florida de les revistes sical\u00edptiques va de la m\u00e0 de la florida del cuplet<\/strong>. \u201cLa pu\u00e7a\u201d<\/span> <span data-contrast=\"none\">\u00e9s considerat el primer <a href=\"https:\/\/delfiramos.com\/ca\/fmt-6-sobre-el-origen-de-la-sicalipsis-y-el-cuple\/\" target=\"_blank\" rel=\"noopener\">cuplet<\/a> a Espanya, i amb el mateix nom es va inaugurar un setmanari festiu sat\u00edric i picaresc. En ell, les dones deien mossegar si alg\u00fa els ficava el dit a la boca.<\/span><span data-ccp-props=\"{&quot;201341983&quot;:0,&quot;335559740&quot;:276}\">\u00a0<\/span><\/p>\n<p><span data-contrast=\"none\">Les primeres revistes publicades a Espanya eren traduccions de les picants publicacions franceses, cosa que va servir per avalar la modernitat d&#039;aquest tipus de publicacions al nostre pa\u00eds; \u201cPar\u00eds Alegre\u201d ser\u00e0 una de les primeres que es traduiran. De la mateixa manera van comen\u00e7ar a estendre&#039;s els cuplets a Espanya: traduccions primer dels francesos, al que va seguir la producci\u00f3 aut\u00f2ctona. La neutralitat del nostre pa\u00eds durant la Primera Guerra Mundial juntament amb el creixement imparable de les ciutats far\u00e0 que proliferi una rica i exuberant literatura sical\u00edptica, que donar\u00e0 el context a l&#039;oci nocturn de teatres, caf\u00e8s, concerts, salons, etc.\u00a0<\/span><span data-ccp-props=\"{&quot;201341983&quot;:0,&quot;335559740&quot;:276}\">\u00a0<\/span><\/p>\n<p><span data-contrast=\"none\">La llista de publicacions sobre les dones galants \u00e9s interminable: \u201cVida Galante\u201d, \u201cPar\u00eds Alegre\u201d, \u201cVermell i Verd\u201d, \u201cSical\u00edptic\u201d, \u201cLa Saeta\u201d, \u201cIris\u201d o \u201cPiripitipi\u201d s\u00f3n nom\u00e9s algunes de les m\u00e9s importants. A l&#039;Edat de Plata (1898-1939) es van escriure, editar, il\u00b7lustrar i publicar milers de revistes, ia aquestes li van seguir els contes ia aquests les novel\u00b7les. La col\u00b7lecci\u00f3 \u201cEl Conte Galante\u201d inaugura com a saga la febre d&#039;aquest g\u00e8nere, i despr\u00e9s el seguir\u00e0 el de la novel\u00b7la. Primer es publicar\u00e0 &quot;La novel\u00b7la setmanal&quot;, despr\u00e9s &quot;Los contemporanis&quot;, &quot;La novel\u00b7la pasional&quot;, &quot;La novel\u00b7la d&#039;avui&quot;, i &quot;La novel\u00b7la teatral&quot;.\u00a0<\/span><span data-ccp-props=\"{&quot;201341983&quot;:0,&quot;335559740&quot;:276}\">\u00a0<\/span><\/p>\n<p><span data-contrast=\"none\">Entre les autores llibertines franceses llegides a Espanya destaquen Colette i Rachilde. No obstant aix\u00f2, el m\u00e9s influent dels escriptors francesos va ser Lorraine, qui a m\u00e9s va escriure sobre les <a href=\"https:\/\/delfiramos.com\/ca\/fmt-6-sobre-el-origen-de-la-sicalipsis-y-el-cuple\/\" target=\"_blank\" rel=\"noopener\">cantants sical\u00edptiques<\/a>. Algunes de les seves obres: \u201cEl vici errant\u201d i \u201cEl senyor de Phocas\u201d. En el panorama nacional els escriptors sical\u00edptics van ser molt llegits, per\u00f2 van caure a terra de ning\u00fa, massa populars per ser de la generaci\u00f3 del 98 o del 14 i massa poc humor\u00edstics per ser de la del 27. La llarga Edat de Plata va veure n\u00e9ixer per una banda autors com Ortega, Mara\u00f1\u00f3n, P\u00edo Baroja, Azor Cernuda, Vicente Aleixandre, Juan Ram\u00f3n Jim\u00e9nez i Rafael Cansinos Assens, m\u00e9s alineats amb l&#039;antiga moral i, moltes vegades, com en el cas de Mara\u00f1\u00f3n, amb el seu afany per titllar l&#039;esperit sical\u00edptic. Per\u00f2, per altra banda, tamb\u00e9 trobem una nodrida llista d&#039;autors sical\u00edptics, com Joaqu\u00edn Belda, Eduardo Zamacois, Pedro de R\u00e9pide, Joaqu\u00edn Dicenta, Felip Trigo, Antonio de Hoyos i Vinent i \u00c1lvaro Retama, Antoni de Lara \u201cTono\u201d, Edgar Neville, Miguel Mihura i L\u00f3pez Rubio ells van produir una immensa quantitat de material er\u00f2tic en qu\u00e8 van proposar altres models d&#039;home i de dona. L&#039;\u00fanica dona que va publicar a la novel\u00b7la curta va ser Carmen de Burgos, per\u00f2, com assenyala Gloria G. Dur\u00e1n <\/span><i><span data-contrast=\"none\">&quot;Si mirem els contextos culturals amb una mirada m\u00e9s \u00e0mplia podem deixar les autories \u00faniques i les firmes de banda. L&#039;esperit de l&#039;\u00e8poca no ve signat per un sol individu. El rerefons cultural d&#039;aquesta Espanya paradoxal el conformaven, de banda, els que signaven textos, novel\u00b7listes, ressenyes, cuplets i, de l&#039;altra banda, els carrers, els altres, les gent bars, els teatres. Tamb\u00e9 totes aquelles que van fer aquest salt als escenaris, tan important en un pa\u00eds on la cultura teatral era la moneda corrent d&#039;aquell temps\u201d.<\/span><\/i><span data-contrast=\"none\">.<\/span><span data-ccp-props=\"{&quot;201341983&quot;:0,&quot;335559740&quot;:276}\">\u00a0<\/span><\/p>\n<p><span data-contrast=\"none\">El per\u00edode entre 1895 fins a 1911, va ser batejat per Serge Sala\u00fcn com a \u201cerotisme triomfant\u201d. L&#039;aproximaci\u00f3 al cos no nom\u00e9s passa a l&#039;\u00e0mbit de l&#039;erotisme, durant aquests anys tamb\u00e9 es va estendre l&#039;obsessi\u00f3 per la salut. <strong>Al costat de les publicacions sical\u00edptiques van comen\u00e7ar a sorgir publicacions sobre el comportament sexual, tractats morals amb argot m\u00e8dic en qu\u00e8 la perversi\u00f3 s&#039;equipara amb la malaltia.<\/strong> Tot i ser considerats com a patol\u00f2gics tots aquells comportaments que se sortissin de l&#039;estandarditzat, s&#039;obre la possibilitat d&#039;indagar sobre nous models. Exemples d&#039;aquest tipus de publicacions s\u00f3n \u201cPsicopatologia sexual, un estudi cl\u00ednic forense\u201d, del 1895 de Richard von Krafft-Ebing, on parlava del sadisme i del masoquisme en la dona. Una de les sagues m\u00e9s conegudes \u00e9s \u201cLa Mala Vida\u201d. Tant \u201cLa Mala Vida a Madrid\u201d, de Bernaldo de Quir\u00f3s i Jos\u00e9 Mar\u00eda Llanas d&#039;Aguilaniedo de 1901, com a \u201cLa Mala Vida a Barcelona: anormalitat, mis\u00e8ria i vici\u201d, de Max Bembo de 1912, es posa de manifest la por social cap als artistes, tan allunyats de la classe. A \u201cEls estats intersexuals a l&#039;esp\u00e8cie humana\u201d, del 1928, i \u201cTres assajos sobre la vida sexual\u201d, el 1926, Gregorio Mara\u00f1\u00f3n parla de <\/span><i><span data-contrast=\"none\">\u201cmatar el fantasma de l&#039;altre sexe que cadasc\u00fa porta a dins, sigueu homes, sigueu dones\u201d.<\/span><\/i><span data-contrast=\"none\"> Mara\u00f1\u00f3n i Unamuno van dibuixar els exemples perfectes de l&#039;amor fusional i mon\u00f2gam, de l&#039;home respectable i responsable, i la dona abnegada, submisa i recatada.\u00a0<\/span><span data-ccp-props=\"{&quot;201341983&quot;:0,&quot;335559740&quot;:276}\">\u00a0<\/span><\/p>\n<div id=\"attachment_3499\" style=\"width: 530px\" class=\"wp-caption aligncenter\"><img loading=\"lazy\" decoding=\"async\" aria-describedby=\"caption-attachment-3499\" class=\"wp-image-3499 size-full\" src=\"https:\/\/delfiramos.com\/wp-content\/uploads\/El-Mal-de-Venus-Peratoner.jpg\" alt=\"\" width=\"520\" height=\"777\" srcset=\"https:\/\/delfiramos.com\/wp-content\/uploads\/El-Mal-de-Venus-Peratoner.jpg 520w, https:\/\/delfiramos.com\/wp-content\/uploads\/El-Mal-de-Venus-Peratoner-201x300.jpg 201w, https:\/\/delfiramos.com\/wp-content\/uploads\/El-Mal-de-Venus-Peratoner-8x12.jpg 8w, https:\/\/delfiramos.com\/wp-content\/uploads\/El-Mal-de-Venus-Peratoner-472x705.jpg 472w\" sizes=\"auto, (max-width: 520px) 100vw, 520px\" \/><p id=\"caption-attachment-3499\" class=\"wp-caption-text\">Malament de Venus, Peratoner<\/p><\/div>\n<p><span data-contrast=\"none\">No podem acabar sense esmentar Amancio Peratoner, que amb el seu fam\u00f3s estudi m\u00e8dic sobre la s\u00edfilis i les malalties ven\u00e8ries, \u201cEl mal de Venus\u201d, va contribuir enormement a l&#039;estigmatitzaci\u00f3 de la malaltia. La publicitat de tractaments de tota mena per a la s\u00edfilis (i tamb\u00e9 per a l&#039;epil\u00e8psia i la neurast\u00e8nia) plagava la premsa del moment. Peratoner a m\u00e9s tradueix literatura galant aportant-li el seu \u201ctoc personal\u201d: per esmentar alguns exemples, a \u201cMadame Bovary\u201d la titular\u00e0 \u201cAd\u00faltera\u201d ia \u201cLa meravellosa Mademoiselle de Maupin\u201d, de Gautier, la titular\u00e0 \u201cHome o femella\u201d.<\/span><span data-ccp-props=\"{&quot;201341983&quot;:0,&quot;335559740&quot;:276}\">\u00a0<\/span><\/p>\n<p><span data-contrast=\"none\">Queda pal\u00e8s, doncs, com la premsa i la literatura s\u00f3n dues maneres d&#039;expressi\u00f3 m\u00e9s que recullen la tensi\u00f3 entre dues morals oposades que competeixen en un mateix temps.\u00a0<\/span><span data-ccp-props=\"{&quot;201341983&quot;:0,&quot;335559740&quot;:276}\">\u00a0<\/span><\/p>\n\n\t\t<style type=\"text\/css\">\n\t\t\t#gallery-1 {\n\t\t\t\tmargin: auto;\n\t\t\t}\n\t\t\t#gallery-1 .gallery-item {\n\t\t\t\tfloat: left;\n\t\t\t\tmargin-top: 10px;\n\t\t\t\ttext-align: center;\n\t\t\t\twidth: 50%;\n\t\t\t}\n\t\t\t#gallery-1 img {\n\t\t\t\tborder: 2px solid #cfcfcf;\n\t\t\t}\n\t\t\t#gallery-1 .gallery-caption {\n\t\t\t\tmargin-left: 0;\n\t\t\t}\n\t\t\t\/* see gallery_shortcode() in wp-includes\/media.php *\/\n\t\t<\/style>\n\t\t<div id='gallery-1' class='gallery galleryid-3494 gallery-columns-2 gallery-size-thumbnail'><dl class='gallery-item'>\n\t\t\t<dt class='gallery-icon portrait'>\n\t\t\t\t<a href='https:\/\/delfiramos.com\/wp-content\/uploads\/Biblioteca-Piripitipi-En-casa-de-Consuelo-scaled.jpg'><img loading=\"lazy\" decoding=\"async\" width=\"80\" height=\"80\" src=\"https:\/\/delfiramos.com\/wp-content\/uploads\/Biblioteca-Piripitipi-En-casa-de-Consuelo-80x80.jpg\" class=\"attachment-thumbnail size-thumbnail\" alt=\"\" aria-describedby=\"gallery-1-3496\" srcset=\"https:\/\/delfiramos.com\/wp-content\/uploads\/Biblioteca-Piripitipi-En-casa-de-Consuelo-80x80.jpg 80w, https:\/\/delfiramos.com\/wp-content\/uploads\/Biblioteca-Piripitipi-En-casa-de-Consuelo-36x36.jpg 36w, https:\/\/delfiramos.com\/wp-content\/uploads\/Biblioteca-Piripitipi-En-casa-de-Consuelo-180x180.jpg 180w\" sizes=\"auto, (max-width: 80px) 100vw, 80px\" \/><\/a>\n\t\t\t<\/dt>\n\t\t\t\t<dd class='wp-caption-text gallery-caption' id='gallery-1-3496'>\n\t\t\t\tBiblioteca Piripitipi \u00abA casa de Consuelo\u00bb\n\t\t\t\t<\/dd><\/dl><dl class='gallery-item'>\n\t\t\t<dt class='gallery-icon portrait'>\n\t\t\t\t<a href='https:\/\/delfiramos.com\/wp-content\/uploads\/Biblioteca-Piripitipi-Espectaculo-parisien-scaled.jpg'><img loading=\"lazy\" decoding=\"async\" width=\"80\" height=\"80\" src=\"https:\/\/delfiramos.com\/wp-content\/uploads\/Biblioteca-Piripitipi-Espectaculo-parisien-80x80.jpg\" class=\"attachment-thumbnail size-thumbnail\" alt=\"\" aria-describedby=\"gallery-1-3497\" srcset=\"https:\/\/delfiramos.com\/wp-content\/uploads\/Biblioteca-Piripitipi-Espectaculo-parisien-80x80.jpg 80w, https:\/\/delfiramos.com\/wp-content\/uploads\/Biblioteca-Piripitipi-Espectaculo-parisien-36x36.jpg 36w, https:\/\/delfiramos.com\/wp-content\/uploads\/Biblioteca-Piripitipi-Espectaculo-parisien-180x180.jpg 180w\" sizes=\"auto, (max-width: 80px) 100vw, 80px\" \/><\/a>\n\t\t\t<\/dt>\n\t\t\t\t<dd class='wp-caption-text gallery-caption' id='gallery-1-3497'>\n\t\t\t\tBiblioteca Piripitipi \u00abEspectacle parisenc\u00bb\n\t\t\t\t<\/dd><\/dl><br style=\"clear: both\" \/><dl class='gallery-item'>\n\t\t\t<dt class='gallery-icon portrait'>\n\t\t\t\t<a href='https:\/\/delfiramos.com\/wp-content\/uploads\/Biblioteca-Piripitipi-Me-voy-a-meter-en-la-cama-scaled.jpg'><img loading=\"lazy\" decoding=\"async\" width=\"80\" height=\"80\" src=\"https:\/\/delfiramos.com\/wp-content\/uploads\/Biblioteca-Piripitipi-Me-voy-a-meter-en-la-cama-80x80.jpg\" class=\"attachment-thumbnail size-thumbnail\" alt=\"\" aria-describedby=\"gallery-1-3498\" srcset=\"https:\/\/delfiramos.com\/wp-content\/uploads\/Biblioteca-Piripitipi-Me-voy-a-meter-en-la-cama-80x80.jpg 80w, https:\/\/delfiramos.com\/wp-content\/uploads\/Biblioteca-Piripitipi-Me-voy-a-meter-en-la-cama-36x36.jpg 36w, https:\/\/delfiramos.com\/wp-content\/uploads\/Biblioteca-Piripitipi-Me-voy-a-meter-en-la-cama-180x180.jpg 180w\" sizes=\"auto, (max-width: 80px) 100vw, 80px\" \/><\/a>\n\t\t\t<\/dt>\n\t\t\t\t<dd class='wp-caption-text gallery-caption' id='gallery-1-3498'>\n\t\t\t\tBiblioteca Piripitipi \u00abEm ficar\u00e9 al llit\u00bb\n\t\t\t\t<\/dd><\/dl><dl class='gallery-item'>\n\t\t\t<dt class='gallery-icon portrait'>\n\t\t\t\t<a href='https:\/\/delfiramos.com\/wp-content\/uploads\/Justo-capricho-Rojo-y-Verde-scaled.jpg'><img loading=\"lazy\" decoding=\"async\" width=\"80\" height=\"80\" src=\"https:\/\/delfiramos.com\/wp-content\/uploads\/Justo-capricho-Rojo-y-Verde-80x80.jpg\" class=\"attachment-thumbnail size-thumbnail\" alt=\"\" aria-describedby=\"gallery-1-3500\" srcset=\"https:\/\/delfiramos.com\/wp-content\/uploads\/Justo-capricho-Rojo-y-Verde-80x80.jpg 80w, https:\/\/delfiramos.com\/wp-content\/uploads\/Justo-capricho-Rojo-y-Verde-36x36.jpg 36w, https:\/\/delfiramos.com\/wp-content\/uploads\/Justo-capricho-Rojo-y-Verde-180x180.jpg 180w\" sizes=\"auto, (max-width: 80px) 100vw, 80px\" \/><\/a>\n\t\t\t<\/dt>\n\t\t\t\t<dd class='wp-caption-text gallery-caption' id='gallery-1-3500'>\n\t\t\t\t\u00abJust caprici\u00bb Vermell i Verd (1903)\n\t\t\t\t<\/dd><\/dl><br style=\"clear: both\" \/><dl class='gallery-item'>\n\t\t\t<dt class='gallery-icon portrait'>\n\t\t\t\t<a href='https:\/\/delfiramos.com\/wp-content\/uploads\/Las-mujeres-en-la-intimidad-scaled.jpg'><img loading=\"lazy\" decoding=\"async\" width=\"80\" height=\"80\" src=\"https:\/\/delfiramos.com\/wp-content\/uploads\/Las-mujeres-en-la-intimidad-80x80.jpg\" class=\"attachment-thumbnail size-thumbnail\" alt=\"\" aria-describedby=\"gallery-1-3501\" srcset=\"https:\/\/delfiramos.com\/wp-content\/uploads\/Las-mujeres-en-la-intimidad-80x80.jpg 80w, https:\/\/delfiramos.com\/wp-content\/uploads\/Las-mujeres-en-la-intimidad-36x36.jpg 36w, https:\/\/delfiramos.com\/wp-content\/uploads\/Las-mujeres-en-la-intimidad-180x180.jpg 180w\" sizes=\"auto, (max-width: 80px) 100vw, 80px\" \/><\/a>\n\t\t\t<\/dt>\n\t\t\t\t<dd class='wp-caption-text gallery-caption' id='gallery-1-3501'>\n\t\t\t\t\u00abLes dones a la intimitat\u00bb Sical\u00edptic (1904)\n\t\t\t\t<\/dd><\/dl><dl class='gallery-item'>\n\t\t\t<dt class='gallery-icon portrait'>\n\t\t\t\t<a href='https:\/\/delfiramos.com\/wp-content\/uploads\/Una-nueva-modelo-1-scaled.jpg'><img loading=\"lazy\" decoding=\"async\" width=\"80\" height=\"80\" src=\"https:\/\/delfiramos.com\/wp-content\/uploads\/Una-nueva-modelo-1-80x80.jpg\" class=\"attachment-thumbnail size-thumbnail\" alt=\"\" aria-describedby=\"gallery-1-3502\" srcset=\"https:\/\/delfiramos.com\/wp-content\/uploads\/Una-nueva-modelo-1-80x80.jpg 80w, https:\/\/delfiramos.com\/wp-content\/uploads\/Una-nueva-modelo-1-36x36.jpg 36w, https:\/\/delfiramos.com\/wp-content\/uploads\/Una-nueva-modelo-1-180x180.jpg 180w\" sizes=\"auto, (max-width: 80px) 100vw, 80px\" \/><\/a>\n\t\t\t<\/dt>\n\t\t\t\t<dd class='wp-caption-text gallery-caption' id='gallery-1-3502'>\n\t\t\t\t\u00abUna nova model 1\u00bb Vermell i Verd (1903)\n\t\t\t\t<\/dd><\/dl><br style=\"clear: both\" \/><dl class='gallery-item'>\n\t\t\t<dt class='gallery-icon portrait'>\n\t\t\t\t<a href='https:\/\/delfiramos.com\/wp-content\/uploads\/Una-nueva-modelo-2-scaled.jpg'><img loading=\"lazy\" decoding=\"async\" width=\"80\" height=\"80\" src=\"https:\/\/delfiramos.com\/wp-content\/uploads\/Una-nueva-modelo-2-80x80.jpg\" class=\"attachment-thumbnail size-thumbnail\" alt=\"\" aria-describedby=\"gallery-1-3503\" srcset=\"https:\/\/delfiramos.com\/wp-content\/uploads\/Una-nueva-modelo-2-80x80.jpg 80w, https:\/\/delfiramos.com\/wp-content\/uploads\/Una-nueva-modelo-2-36x36.jpg 36w, https:\/\/delfiramos.com\/wp-content\/uploads\/Una-nueva-modelo-2-180x180.jpg 180w\" sizes=\"auto, (max-width: 80px) 100vw, 80px\" \/><\/a>\n\t\t\t<\/dt>\n\t\t\t\t<dd class='wp-caption-text gallery-caption' id='gallery-1-3503'>\n\t\t\t\t\u00abUna nova model 2\u00bb Vermell i Verd (1903)\n\t\t\t\t<\/dd><\/dl><dl class='gallery-item'>\n\t\t\t<dt class='gallery-icon portrait'>\n\t\t\t\t<a href='https:\/\/delfiramos.com\/wp-content\/uploads\/Una-nueva-modelo-3-scaled.jpg'><img loading=\"lazy\" decoding=\"async\" width=\"80\" height=\"80\" src=\"https:\/\/delfiramos.com\/wp-content\/uploads\/Una-nueva-modelo-3-80x80.jpg\" class=\"attachment-thumbnail size-thumbnail\" alt=\"\" aria-describedby=\"gallery-1-3504\" srcset=\"https:\/\/delfiramos.com\/wp-content\/uploads\/Una-nueva-modelo-3-80x80.jpg 80w, https:\/\/delfiramos.com\/wp-content\/uploads\/Una-nueva-modelo-3-36x36.jpg 36w, https:\/\/delfiramos.com\/wp-content\/uploads\/Una-nueva-modelo-3-180x180.jpg 180w\" sizes=\"auto, (max-width: 80px) 100vw, 80px\" \/><\/a>\n\t\t\t<\/dt>\n\t\t\t\t<dd class='wp-caption-text gallery-caption' id='gallery-1-3504'>\n\t\t\t\t\u00abUna nova model 3\u00bb Vermell i Verd (1903)\n\t\t\t\t<\/dd><\/dl><br style=\"clear: both\" \/>\n\t\t<\/div>","protected":false},"excerpt":{"rendered":"<p>Durante los siglos XVII, XVIII, XIX y parte del XX Francia ser\u00e1 un modelo cultural a nivel internacional. Aquellos espa\u00f1oles que pretend\u00edan recuperar el esp\u00edritu de los Austrias rechazaban la vida galante que propon\u00eda el vanguardista modelo franc\u00e9s. La galanter\u00eda cuestiona las f\u00e9rreas dicotom\u00edas de g\u00e9nero, la mujer galante es aut\u00f3noma e independiente y esto [&hellip;]<\/p>","protected":false},"author":5,"featured_media":3495,"comment_status":"closed","ping_status":"closed","sticky":false,"template":"","format":"standard","meta":{"_joinchat":[],"footnotes":""},"categories":[36],"tags":[],"class_list":["post-3494","post","type-post","status-publish","format-standard","has-post-thumbnail","hentry","category-sexologia"],"yoast_head":"<!-- This site is optimized with the Yoast SEO plugin v25.2 - https:\/\/yoast.com\/wordpress\/plugins\/seo\/ -->\n<title>FMT 4: La prensa sical\u00edptica y los estudios sobre el comportamiento sexual &#183; Delfi Ramos<\/title>\n<meta name=\"robots\" content=\"index, follow, max-snippet:-1, max-image-preview:large, max-video-preview:-1\" \/>\n<link rel=\"canonical\" href=\"https:\/\/delfiramos.com\/ca\/fmt-la-prensa-sicaliptica-y-los-estudios-sobre-el-comportamiento-sexual\/\" \/>\n<meta property=\"og:locale\" content=\"ca_ES\" \/>\n<meta property=\"og:type\" content=\"article\" \/>\n<meta property=\"og:title\" content=\"FMT 4: La prensa sical\u00edptica y los estudios sobre el comportamiento sexual &#183; Delfi Ramos\" \/>\n<meta property=\"og:description\" content=\"Durante los siglos XVII, XVIII, XIX y parte del XX Francia ser\u00e1 un modelo cultural a nivel internacional. Aquellos espa\u00f1oles que pretend\u00edan recuperar el esp\u00edritu de los Austrias rechazaban la vida galante que propon\u00eda el vanguardista modelo franc\u00e9s. La galanter\u00eda cuestiona las f\u00e9rreas dicotom\u00edas de g\u00e9nero, la mujer galante es aut\u00f3noma e independiente y esto [&hellip;]\" \/>\n<meta property=\"og:url\" content=\"https:\/\/delfiramos.com\/ca\/fmt-la-prensa-sicaliptica-y-los-estudios-sobre-el-comportamiento-sexual\/\" \/>\n<meta property=\"og:site_name\" content=\"Delfi Ramos\" \/>\n<meta property=\"article:published_time\" content=\"2025-05-04T23:06:21+00:00\" \/>\n<meta property=\"article:modified_time\" content=\"2025-05-05T06:22:29+00:00\" \/>\n<meta property=\"og:image\" content=\"https:\/\/delfiramos.com\/wp-content\/uploads\/Collage-sicalipticas-1030x961.jpg\" \/>\n\t<meta property=\"og:image:width\" content=\"1030\" \/>\n\t<meta property=\"og:image:height\" content=\"961\" \/>\n\t<meta property=\"og:image:type\" content=\"image\/jpeg\" \/>\n<meta name=\"author\" content=\"Delfi Ramos\" \/>\n<meta name=\"twitter:card\" content=\"summary_large_image\" \/>\n<meta name=\"twitter:label1\" content=\"Escrit per\" \/>\n\t<meta name=\"twitter:data1\" content=\"Delfi Ramos\" \/>\n\t<meta name=\"twitter:label2\" content=\"Temps estimat de lectura\" \/>\n\t<meta name=\"twitter:data2\" content=\"8 minuts\" \/>\n<script type=\"application\/ld+json\" class=\"yoast-schema-graph\">{\"@context\":\"https:\/\/schema.org\",\"@graph\":[{\"@type\":\"Article\",\"@id\":\"https:\/\/delfiramos.com\/fmt-la-prensa-sicaliptica-y-los-estudios-sobre-el-comportamiento-sexual\/#article\",\"isPartOf\":{\"@id\":\"https:\/\/delfiramos.com\/fmt-la-prensa-sicaliptica-y-los-estudios-sobre-el-comportamiento-sexual\/\"},\"author\":{\"name\":\"Delfi Ramos\",\"@id\":\"https:\/\/delfiramos.com\/#\/schema\/person\/3b9dc9c684235188d03b71fcda7ba40c\"},\"headline\":\"FMT 4: La prensa sical\u00edptica y los estudios sobre el comportamiento sexual\",\"datePublished\":\"2025-05-04T23:06:21+00:00\",\"dateModified\":\"2025-05-05T06:22:29+00:00\",\"mainEntityOfPage\":{\"@id\":\"https:\/\/delfiramos.com\/fmt-la-prensa-sicaliptica-y-los-estudios-sobre-el-comportamiento-sexual\/\"},\"wordCount\":1288,\"publisher\":{\"@id\":\"https:\/\/delfiramos.com\/#\/schema\/person\/3b9dc9c684235188d03b71fcda7ba40c\"},\"image\":{\"@id\":\"https:\/\/delfiramos.com\/fmt-la-prensa-sicaliptica-y-los-estudios-sobre-el-comportamiento-sexual\/#primaryimage\"},\"thumbnailUrl\":\"https:\/\/delfiramos.com\/wp-content\/uploads\/Collage-sicalipticas-scaled.jpg\",\"articleSection\":[\"Sexolog\u00eda\"],\"inLanguage\":\"ca\"},{\"@type\":\"WebPage\",\"@id\":\"https:\/\/delfiramos.com\/fmt-la-prensa-sicaliptica-y-los-estudios-sobre-el-comportamiento-sexual\/\",\"url\":\"https:\/\/delfiramos.com\/fmt-la-prensa-sicaliptica-y-los-estudios-sobre-el-comportamiento-sexual\/\",\"name\":\"FMT 4: La prensa sical\u00edptica y los estudios sobre el comportamiento sexual &#183; Delfi Ramos\",\"isPartOf\":{\"@id\":\"https:\/\/delfiramos.com\/#website\"},\"primaryImageOfPage\":{\"@id\":\"https:\/\/delfiramos.com\/fmt-la-prensa-sicaliptica-y-los-estudios-sobre-el-comportamiento-sexual\/#primaryimage\"},\"image\":{\"@id\":\"https:\/\/delfiramos.com\/fmt-la-prensa-sicaliptica-y-los-estudios-sobre-el-comportamiento-sexual\/#primaryimage\"},\"thumbnailUrl\":\"https:\/\/delfiramos.com\/wp-content\/uploads\/Collage-sicalipticas-scaled.jpg\",\"datePublished\":\"2025-05-04T23:06:21+00:00\",\"dateModified\":\"2025-05-05T06:22:29+00:00\",\"breadcrumb\":{\"@id\":\"https:\/\/delfiramos.com\/fmt-la-prensa-sicaliptica-y-los-estudios-sobre-el-comportamiento-sexual\/#breadcrumb\"},\"inLanguage\":\"ca\",\"potentialAction\":[{\"@type\":\"ReadAction\",\"target\":[\"https:\/\/delfiramos.com\/fmt-la-prensa-sicaliptica-y-los-estudios-sobre-el-comportamiento-sexual\/\"]}]},{\"@type\":\"ImageObject\",\"inLanguage\":\"ca\",\"@id\":\"https:\/\/delfiramos.com\/fmt-la-prensa-sicaliptica-y-los-estudios-sobre-el-comportamiento-sexual\/#primaryimage\",\"url\":\"https:\/\/delfiramos.com\/wp-content\/uploads\/Collage-sicalipticas-scaled.jpg\",\"contentUrl\":\"https:\/\/delfiramos.com\/wp-content\/uploads\/Collage-sicalipticas-scaled.jpg\",\"width\":2048,\"height\":1910},{\"@type\":\"BreadcrumbList\",\"@id\":\"https:\/\/delfiramos.com\/fmt-la-prensa-sicaliptica-y-los-estudios-sobre-el-comportamiento-sexual\/#breadcrumb\",\"itemListElement\":[{\"@type\":\"ListItem\",\"position\":1,\"name\":\"Inicio\",\"item\":\"https:\/\/delfiramos.com\/inicio\/\"},{\"@type\":\"ListItem\",\"position\":2,\"name\":\"FMT 4: La prensa sical\u00edptica y los estudios sobre el comportamiento sexual\"}]},{\"@type\":\"WebSite\",\"@id\":\"https:\/\/delfiramos.com\/#website\",\"url\":\"https:\/\/delfiramos.com\/\",\"name\":\"Delfi Ramos\",\"description\":\"Psic\u00f3loga Sanitaria y Sex\u00f3loga \u00b7 M\u00e1ster en An\u00e1lisis Funcional en Contextos Cl\u00ednicos y de la Salud \u00b7 M\u00e1ster en Intervenci\u00f3n en Trastornos Psicol\u00f3gicos en Infancia y Adolescencia\",\"publisher\":{\"@id\":\"https:\/\/delfiramos.com\/#\/schema\/person\/3b9dc9c684235188d03b71fcda7ba40c\"},\"alternateName\":\"Sex\u00f3loga y Psic\u00f3loga Sanitaria\",\"potentialAction\":[{\"@type\":\"SearchAction\",\"target\":{\"@type\":\"EntryPoint\",\"urlTemplate\":\"https:\/\/delfiramos.com\/?s={search_term_string}\"},\"query-input\":{\"@type\":\"PropertyValueSpecification\",\"valueRequired\":true,\"valueName\":\"search_term_string\"}}],\"inLanguage\":\"ca\"},{\"@type\":[\"Person\",\"Organization\"],\"@id\":\"https:\/\/delfiramos.com\/#\/schema\/person\/3b9dc9c684235188d03b71fcda7ba40c\",\"name\":\"Delfi Ramos\",\"logo\":{\"@id\":\"https:\/\/delfiramos.com\/#\/schema\/person\/image\/\"},\"sameAs\":[\"https:\/\/delfiramos.com\/\"],\"url\":\"https:\/\/delfiramos.com\/ca\/author\/delfi-ramos\/\"}]}<\/script>\n<!-- \/ Yoast SEO plugin. -->","yoast_head_json":{"title":"FMT 4: La prensa sical\u00edptica y los estudios sobre el comportamiento sexual &#183; Delfi Ramos","robots":{"index":"index","follow":"follow","max-snippet":"max-snippet:-1","max-image-preview":"max-image-preview:large","max-video-preview":"max-video-preview:-1"},"canonical":"https:\/\/delfiramos.com\/ca\/fmt-la-prensa-sicaliptica-y-los-estudios-sobre-el-comportamiento-sexual\/","og_locale":"ca_ES","og_type":"article","og_title":"FMT 4: La prensa sical\u00edptica y los estudios sobre el comportamiento sexual &#183; Delfi Ramos","og_description":"Durante los siglos XVII, XVIII, XIX y parte del XX Francia ser\u00e1 un modelo cultural a nivel internacional. Aquellos espa\u00f1oles que pretend\u00edan recuperar el esp\u00edritu de los Austrias rechazaban la vida galante que propon\u00eda el vanguardista modelo franc\u00e9s. La galanter\u00eda cuestiona las f\u00e9rreas dicotom\u00edas de g\u00e9nero, la mujer galante es aut\u00f3noma e independiente y esto [&hellip;]","og_url":"https:\/\/delfiramos.com\/ca\/fmt-la-prensa-sicaliptica-y-los-estudios-sobre-el-comportamiento-sexual\/","og_site_name":"Delfi Ramos","article_published_time":"2025-05-04T23:06:21+00:00","article_modified_time":"2025-05-05T06:22:29+00:00","og_image":[{"width":1030,"height":961,"url":"https:\/\/delfiramos.com\/wp-content\/uploads\/Collage-sicalipticas-1030x961.jpg","type":"image\/jpeg"}],"author":"Delfi Ramos","twitter_card":"summary_large_image","twitter_misc":{"Escrit per":"Delfi Ramos","Temps estimat de lectura":"8 minuts"},"schema":{"@context":"https:\/\/schema.org","@graph":[{"@type":"Article","@id":"https:\/\/delfiramos.com\/fmt-la-prensa-sicaliptica-y-los-estudios-sobre-el-comportamiento-sexual\/#article","isPartOf":{"@id":"https:\/\/delfiramos.com\/fmt-la-prensa-sicaliptica-y-los-estudios-sobre-el-comportamiento-sexual\/"},"author":{"name":"Delfi Ramos","@id":"https:\/\/delfiramos.com\/#\/schema\/person\/3b9dc9c684235188d03b71fcda7ba40c"},"headline":"FMT 4: La prensa sical\u00edptica y los estudios sobre el comportamiento sexual","datePublished":"2025-05-04T23:06:21+00:00","dateModified":"2025-05-05T06:22:29+00:00","mainEntityOfPage":{"@id":"https:\/\/delfiramos.com\/fmt-la-prensa-sicaliptica-y-los-estudios-sobre-el-comportamiento-sexual\/"},"wordCount":1288,"publisher":{"@id":"https:\/\/delfiramos.com\/#\/schema\/person\/3b9dc9c684235188d03b71fcda7ba40c"},"image":{"@id":"https:\/\/delfiramos.com\/fmt-la-prensa-sicaliptica-y-los-estudios-sobre-el-comportamiento-sexual\/#primaryimage"},"thumbnailUrl":"https:\/\/delfiramos.com\/wp-content\/uploads\/Collage-sicalipticas-scaled.jpg","articleSection":["Sexolog\u00eda"],"inLanguage":"ca"},{"@type":"WebPage","@id":"https:\/\/delfiramos.com\/fmt-la-prensa-sicaliptica-y-los-estudios-sobre-el-comportamiento-sexual\/","url":"https:\/\/delfiramos.com\/fmt-la-prensa-sicaliptica-y-los-estudios-sobre-el-comportamiento-sexual\/","name":"FMT 4: La prensa sical\u00edptica y los estudios sobre el comportamiento sexual &#183; Delfi Ramos","isPartOf":{"@id":"https:\/\/delfiramos.com\/#website"},"primaryImageOfPage":{"@id":"https:\/\/delfiramos.com\/fmt-la-prensa-sicaliptica-y-los-estudios-sobre-el-comportamiento-sexual\/#primaryimage"},"image":{"@id":"https:\/\/delfiramos.com\/fmt-la-prensa-sicaliptica-y-los-estudios-sobre-el-comportamiento-sexual\/#primaryimage"},"thumbnailUrl":"https:\/\/delfiramos.com\/wp-content\/uploads\/Collage-sicalipticas-scaled.jpg","datePublished":"2025-05-04T23:06:21+00:00","dateModified":"2025-05-05T06:22:29+00:00","breadcrumb":{"@id":"https:\/\/delfiramos.com\/fmt-la-prensa-sicaliptica-y-los-estudios-sobre-el-comportamiento-sexual\/#breadcrumb"},"inLanguage":"ca","potentialAction":[{"@type":"ReadAction","target":["https:\/\/delfiramos.com\/fmt-la-prensa-sicaliptica-y-los-estudios-sobre-el-comportamiento-sexual\/"]}]},{"@type":"ImageObject","inLanguage":"ca","@id":"https:\/\/delfiramos.com\/fmt-la-prensa-sicaliptica-y-los-estudios-sobre-el-comportamiento-sexual\/#primaryimage","url":"https:\/\/delfiramos.com\/wp-content\/uploads\/Collage-sicalipticas-scaled.jpg","contentUrl":"https:\/\/delfiramos.com\/wp-content\/uploads\/Collage-sicalipticas-scaled.jpg","width":2048,"height":1910},{"@type":"BreadcrumbList","@id":"https:\/\/delfiramos.com\/fmt-la-prensa-sicaliptica-y-los-estudios-sobre-el-comportamiento-sexual\/#breadcrumb","itemListElement":[{"@type":"ListItem","position":1,"name":"Inicio","item":"https:\/\/delfiramos.com\/inicio\/"},{"@type":"ListItem","position":2,"name":"FMT 4: La prensa sical\u00edptica y los estudios sobre el comportamiento sexual"}]},{"@type":"WebSite","@id":"https:\/\/delfiramos.com\/#website","url":"https:\/\/delfiramos.com\/","name":"Delfi Ramos","description":"Psic\u00f3loga Sanitaria y Sex\u00f3loga \u00b7 M\u00e1ster en An\u00e1lisis Funcional en Contextos Cl\u00ednicos y de la Salud \u00b7 M\u00e1ster en Intervenci\u00f3n en Trastornos Psicol\u00f3gicos en Infancia y Adolescencia","publisher":{"@id":"https:\/\/delfiramos.com\/#\/schema\/person\/3b9dc9c684235188d03b71fcda7ba40c"},"alternateName":"Sex\u00f3loga y Psic\u00f3loga Sanitaria","potentialAction":[{"@type":"SearchAction","target":{"@type":"EntryPoint","urlTemplate":"https:\/\/delfiramos.com\/?s={search_term_string}"},"query-input":{"@type":"PropertyValueSpecification","valueRequired":true,"valueName":"search_term_string"}}],"inLanguage":"ca"},{"@type":["Person","Organization"],"@id":"https:\/\/delfiramos.com\/#\/schema\/person\/3b9dc9c684235188d03b71fcda7ba40c","name":"Delfi Ramos","logo":{"@id":"https:\/\/delfiramos.com\/#\/schema\/person\/image\/"},"sameAs":["https:\/\/delfiramos.com\/"],"url":"https:\/\/delfiramos.com\/ca\/author\/delfi-ramos\/"}]}},"_links":{"self":[{"href":"https:\/\/delfiramos.com\/ca\/wp-json\/wp\/v2\/posts\/3494","targetHints":{"allow":["GET"]}}],"collection":[{"href":"https:\/\/delfiramos.com\/ca\/wp-json\/wp\/v2\/posts"}],"about":[{"href":"https:\/\/delfiramos.com\/ca\/wp-json\/wp\/v2\/types\/post"}],"author":[{"embeddable":true,"href":"https:\/\/delfiramos.com\/ca\/wp-json\/wp\/v2\/users\/5"}],"replies":[{"embeddable":true,"href":"https:\/\/delfiramos.com\/ca\/wp-json\/wp\/v2\/comments?post=3494"}],"version-history":[{"count":5,"href":"https:\/\/delfiramos.com\/ca\/wp-json\/wp\/v2\/posts\/3494\/revisions"}],"predecessor-version":[{"id":3548,"href":"https:\/\/delfiramos.com\/ca\/wp-json\/wp\/v2\/posts\/3494\/revisions\/3548"}],"wp:featuredmedia":[{"embeddable":true,"href":"https:\/\/delfiramos.com\/ca\/wp-json\/wp\/v2\/media\/3495"}],"wp:attachment":[{"href":"https:\/\/delfiramos.com\/ca\/wp-json\/wp\/v2\/media?parent=3494"}],"wp:term":[{"taxonomy":"category","embeddable":true,"href":"https:\/\/delfiramos.com\/ca\/wp-json\/wp\/v2\/categories?post=3494"},{"taxonomy":"post_tag","embeddable":true,"href":"https:\/\/delfiramos.com\/ca\/wp-json\/wp\/v2\/tags?post=3494"}],"curies":[{"name":"wp","href":"https:\/\/api.w.org\/{rel}","templated":true}]}}