{"id":3511,"date":"2025-05-05T01:41:03","date_gmt":"2025-05-04T23:41:03","guid":{"rendered":"https:\/\/delfiramos.com\/?p=3511"},"modified":"2025-05-05T08:22:06","modified_gmt":"2025-05-05T06:22:06","slug":"fmt-5-la-casa-mila-como-paradigma-de-la-arquitectura-modernista-catalana-y-su-carga-erotica-analisis-de-ramon-de-torres","status":"publish","type":"post","link":"https:\/\/delfiramos.com\/ca\/fmt-5-la-casa-mila-como-paradigma-de-la-arquitectura-modernista-catalana-y-su-carga-erotica-analisis-de-ramon-de-torres\/","title":{"rendered":"FMT 5: La casa Mil\u00e0 com a paradigma de l&#039;arquitectura modernista catalana i la c\u00e0rrega er\u00f2tica. An\u00e0lisi de Ramon de Torres."},"content":{"rendered":"<p><span data-contrast=\"auto\">D\u201facord amb una visi\u00f3 determinista de l\u201farquitectura, la configuraci\u00f3 de l\u201fespai influeix en el comportament i la moral i no nom\u00e9s en direcci\u00f3 oposada. Aleshores es podria fer la pregunta seg\u00fcent: el desig s&#039;ha fet a mida dels espais o s\u00f3n els espais els que s&#039;han fet a mida del desig? El que \u00e9s innegable \u00e9s que la relaci\u00f3 entre moralitat i arquitectura, entre comportament i arquitectura, ha existit hist\u00f2ricament.\u00a0<\/span><span data-ccp-props=\"{&quot;201341983&quot;:0,&quot;335551550&quot;:6,&quot;335551620&quot;:6,&quot;335559685&quot;:0,&quot;335559740&quot;:276}\">\u00a0<\/span><\/p>\n<p><span data-contrast=\"none\">Des dels bordells de Pompeia i les seves representacions f\u00e0l\u00b7liques per tot arreu fins a la casa Schindler, l&#039;arquitectura Playboy o les comunes dels 60 com Drop City a Colorado, passant pel Falansteri de Fourier, les Parth\u00e9nions de Restif, l&#039;Oikema de Ledoux, el castell Silling del Marqu\u00e8s de Sade als ravals de Par\u00eds, <strong>sempre ha existit aquesta relaci\u00f3 entre arquitectura i sexualitat. Explorar-la ens permet con\u00e8ixer com l<\/strong><\/span><strong>Les normes socials troben una manifestaci\u00f3 f\u00edsica i simb\u00f2lica en larquitectura, i com a trav\u00e9s del disseny dels espais p\u00fablics i privats sestableixen comportaments esperats, l\u00edmits i formes de control sobre la intimitat, el cos i les relacions interpersonals.\u00a0<\/strong><\/p>\n<p><span data-contrast=\"none\">Centrant-nos a Gaud\u00ed com un dels principals representants de l&#039;arquitectura modernista a Catalunya, en analitzar la manera com la seva obra expressa aquesta relaci\u00f3 amb la moral, es podria plantejar infinitat de preguntes. A la casa Mil\u00e0 <\/span><span data-contrast=\"auto\">Gaud\u00ed d\u00f3na la mateixa import\u00e0ncia a la fa\u00e7ana tant a l&#039;exterior com a la fa\u00e7ana dels patis interiors. Podria llegir-se aquest aspecte com una import\u00e0ncia equivalent per a Gaud\u00ed de l&#039;\u00edntimament viscut i desitjat, i de la fa\u00e7ana p\u00fablica i la norma? Pel que fa al \u201cpasseig arquitect\u00f2nic\u201d que crea des del soterrani a la coberta de la casa, que parteix de la foscor i desemboca a la llum, seria adequada la visi\u00f3 d&#039;aquest passeig com una al\u00b7legoria de l&#039;acte sexual?\u00a0<\/span><span data-ccp-props=\"{&quot;201341983&quot;:0,&quot;335551550&quot;:6,&quot;335551620&quot;:6,&quot;335559685&quot;:0,&quot;335559740&quot;:276}\">\u00a0<\/span><\/p>\n<div id=\"attachment_3515\" style=\"width: 1210px\" class=\"wp-caption aligncenter\"><img loading=\"lazy\" decoding=\"async\" aria-describedby=\"caption-attachment-3515\" class=\"wp-image-3515 size-full\" src=\"https:\/\/delfiramos.com\/wp-content\/uploads\/Patios-casa-Mila.jpeg\" alt=\"\" width=\"1200\" height=\"800\" srcset=\"https:\/\/delfiramos.com\/wp-content\/uploads\/Patios-casa-Mila.jpeg 1200w, https:\/\/delfiramos.com\/wp-content\/uploads\/Patios-casa-Mila-300x200.jpeg 300w, https:\/\/delfiramos.com\/wp-content\/uploads\/Patios-casa-Mila-1030x687.jpeg 1030w, https:\/\/delfiramos.com\/wp-content\/uploads\/Patios-casa-Mila-768x512.jpeg 768w, https:\/\/delfiramos.com\/wp-content\/uploads\/Patios-casa-Mila-18x12.jpeg 18w, https:\/\/delfiramos.com\/wp-content\/uploads\/Patios-casa-Mila-705x470.jpeg 705w\" sizes=\"auto, (max-width: 1200px) 100vw, 1200px\" \/><p id=\"caption-attachment-3515\" class=\"wp-caption-text\">Fa\u00e7ana interior dels patis. Casa Mil\u00e0<\/p><\/div>\n<p><span data-contrast=\"auto\">D&#039;altra banda, una de les principals innovacions de Gaud\u00ed i de l&#039;arquitectura modernista s\u00f3n els espais ventilats, funcionals, lluminosos, per\u00f2 seria correcte afirmar, tamb\u00e9 en el cas de Gaud\u00ed, que aix\u00f2 no nom\u00e9s passa per raons t\u00e8cniques sin\u00f3 tamb\u00e9 morals?, la transpar\u00e8ncia s&#039;associa a honestedat, a vida correcta, cosa que reflecteix una moral sexual moderna normativa, racional. L&#039;arquitectura de Gaud\u00ed est\u00e0 reflectint aquesta ambig\u00fcitat de la moral que observem en altres edificis? Com a la casa Savoye, \u201cm\u00e0quina d&#039;habitar\u201d de Le Corbusier, que per una banda promou l&#039;alliberament del cos i els sentits, i de l&#039;altra reprodueix formes de control, repressi\u00f3, domesticaci\u00f3 i normalitzaci\u00f3 del desig. Com afirma Beatriz Colomina, de vegades es crea a trav\u00e9s de l&#039;arquitectura un espai de vigil\u00e0ncia i control, com passa a la casa Farnsworth, es tracta d&#039;un projecte de moralitzaci\u00f3. La dona s&#039;exposa com a objecte passiu de desig, col\u00b7locada moltes vegades en espais dissenyats per ser mirats, controlats. Estan convivint les dues morals a Gaud\u00ed, i en general al moviment modernista? Un exemple d&#039;aquest punt podria ser un altre edifici de Gaud\u00ed, La Sagrada fam\u00edlia, on l&#039;obra sacra conserva un car\u00e0cter profundament cat\u00f2lic, sense prescindir del suggeriment, la seducci\u00f3, les formes suggeridores, el ric ornament i l&#039;erotisme.<\/span><span data-ccp-props=\"{&quot;201341983&quot;:0,&quot;335551550&quot;:6,&quot;335551620&quot;:6,&quot;335559685&quot;:0,&quot;335559740&quot;:276}\">\u00a0<\/span><\/p>\n<div id=\"attachment_3516\" style=\"width: 711px\" class=\"wp-caption aligncenter\"><img loading=\"lazy\" decoding=\"async\" aria-describedby=\"caption-attachment-3516\" class=\"wp-image-3516 size-full\" src=\"https:\/\/delfiramos.com\/wp-content\/uploads\/Villa-Savoye.jpg\" alt=\"\" width=\"701\" height=\"466\" srcset=\"https:\/\/delfiramos.com\/wp-content\/uploads\/Villa-Savoye.jpg 701w, https:\/\/delfiramos.com\/wp-content\/uploads\/Villa-Savoye-300x199.jpg 300w, https:\/\/delfiramos.com\/wp-content\/uploads\/Villa-Savoye-18x12.jpg 18w\" sizes=\"auto, (max-width: 701px) 100vw, 701px\" \/><p id=\"caption-attachment-3516\" class=\"wp-caption-text\">Villa Savoye \u00abm\u00e0quina d&#039;habitar\u00bb, Le Corbusier<\/p><\/div>\n<div id=\"attachment_3512\" style=\"width: 1010px\" class=\"wp-caption aligncenter\"><img loading=\"lazy\" decoding=\"async\" aria-describedby=\"caption-attachment-3512\" class=\"wp-image-3512 size-full\" src=\"https:\/\/delfiramos.com\/wp-content\/uploads\/Casa-Farnsworth.jpg\" alt=\"\" width=\"1000\" height=\"750\" srcset=\"https:\/\/delfiramos.com\/wp-content\/uploads\/Casa-Farnsworth.jpg 1000w, https:\/\/delfiramos.com\/wp-content\/uploads\/Casa-Farnsworth-300x225.jpg 300w, https:\/\/delfiramos.com\/wp-content\/uploads\/Casa-Farnsworth-768x576.jpg 768w, https:\/\/delfiramos.com\/wp-content\/uploads\/Casa-Farnsworth-16x12.jpg 16w, https:\/\/delfiramos.com\/wp-content\/uploads\/Casa-Farnsworth-705x529.jpg 705w\" sizes=\"auto, (max-width: 1000px) 100vw, 1000px\" \/><p id=\"caption-attachment-3512\" class=\"wp-caption-text\">Casa Farnsworth, Mies van der Rohe<\/p><\/div>\n<p><span data-ccp-props=\"{&quot;201341983&quot;:0,&quot;335551550&quot;:6,&quot;335551620&quot;:6,&quot;335559685&quot;:0,&quot;335559740&quot;:276}\">\u00a0<\/span><span data-contrast=\"auto\">Sobre aquest tema hem parlat amb l&#039;arquitecte d&#039;Almeria Ramon de Torres. L&#039;obra arquitect\u00f2nica de Ramon ha estat ressenyada en publicacions especialitzades, entre d&#039;altres, les restauracions del patrimoni hist\u00f2ric de l&#039;Eixample i Medina de Tetuan (declarada el 1997 Patrimoni Mundial per la UNESCO) i les restauracions a Almeria de nombrosos edificis emblem\u00e0tics com la Catedral, l&#039;Alcassaba, la casa Fincher, la casa Fischer, Museu d&#039;Art Do\u00f1a Pakyta, el carregador de mineral L&#039;Alquife (conegut com El Cable Ingl\u00e9s) i la casa del poeta Jos\u00e9 \u00c1ngel Valente. El seu treball ha estat reconegut dues vegades com a pr\u00e0ctica BEST per Nacions Unides, l&#039;any 2000 pel Pla Especial de Reforma Interior de la Chanca, i el 2014 pel Programa de Cooperaci\u00f3 Internacional a la Medina de Tetuan. Entre altres premis, l&#039;any 2004 ha rebut el Premi Arc a la millor obra arquitect\u00f2nica d&#039;Almeria atorgat pel Col\u00b7legi d&#039;Arquitectes d&#039;Almeria i el Premi Constituci\u00f3 2023 concedit per la subdelegaci\u00f3 del Govern d&#039;Espanya.<\/span><span data-ccp-props=\"{&quot;201341983&quot;:0,&quot;335551550&quot;:6,&quot;335551620&quot;:6,&quot;335559740&quot;:276}\">\u00a0<\/span><\/p>\n<p><span data-contrast=\"auto\">Avui, amb motiu de la XXII Fira Modernista de Terrassa, en Ramon recull per a nosaltres les caracter\u00edstiques principals de la que considera l&#039;obra m\u00e9s paradigm\u00e0tica d&#039;aquest car\u00e0cter reivindicatiu i renovador del modernisme catal\u00e0, la casa Mil\u00e0:<\/span><span data-ccp-props=\"{&quot;201341983&quot;:0,&quot;335551550&quot;:6,&quot;335551620&quot;:6,&quot;335559740&quot;:276}\">\u00a0<\/span><\/p>\n<p><span data-ccp-props=\"{&quot;201341983&quot;:0,&quot;335551550&quot;:6,&quot;335551620&quot;:6,&quot;335559740&quot;:276}\">\u00a0<\/span><\/p>\n<p><span data-contrast=\"auto\"><strong>L&#039;ARQUITECTURA COM A FORMA DE SEDUCCI\u00d3<\/strong>\u00a0<\/span><span data-ccp-props=\"{&quot;201341983&quot;:0,&quot;335551550&quot;:6,&quot;335551620&quot;:6,&quot;335559740&quot;:276}\">\u00a0<\/span><\/p>\n<p><span data-contrast=\"auto\">La casa Mil\u00e0, coneguda popularment com \u201cLa Pedrera\u201d, la promouen Pere Mil\u00e0 i Roger Segim\u00f3n. Es construeix entre el 1906 i el 1912, segons el projecte de l&#039;arquitecte Antoni Gaud\u00ed (1852-1926), al Passeig de Gr\u00e0cia de l&#039;Eixample de Barcelona.<\/span><span data-ccp-props=\"{&quot;201341983&quot;:0,&quot;335551550&quot;:6,&quot;335551620&quot;:6,&quot;335559740&quot;:276}\">\u00a0<\/span><\/p>\n<p><span data-contrast=\"auto\">\u00c9s l&#039;obra d&#039;arquitectura civil m\u00e9s representativa i culminant del modernisme, que per les seves innovacions t\u00e8cniques, constructives, funcionals i espacials constitueix un antecedent de l&#039;arquitectura del Moviment Modern a nivell internacional, que es conforma entre 1918 i 1927. En aquest per\u00edode \u00e9s possible identificar una l\u00ednia comuna de treball entre persones i grups de diferents pa\u00efsos, a partir d&#039;experi\u00e8ncies de de la Bauhaus, i l&#039;obra de Le Corbusier com a arquitecte.<\/span><span data-ccp-props=\"{&quot;201341983&quot;:0,&quot;335551550&quot;:6,&quot;335551620&quot;:6,&quot;335559740&quot;:276}\">\u00a0<\/span><\/p>\n<p><span data-contrast=\"auto\">Les innovacions pioneres que introdueix Gaud\u00ed a la casa Mil\u00e0 s\u00f3n les seg\u00fcents:<\/span><span data-ccp-props=\"{&quot;201341983&quot;:0,&quot;335551550&quot;:6,&quot;335551620&quot;:6,&quot;335559740&quot;:276}\">\u00a0<\/span><\/p>\n<p><b><span data-contrast=\"auto\">Planta lliure<\/span><\/b><span data-contrast=\"auto\"><strong>:<\/strong> proposa una estructura composta per pilars d&#039;acer i ma\u00f3. <strong>Amb aquest sistema trenca la tradicional estructura de murs de c\u00e0rrega i us permet organitzar l&#039;espai amb la m\u00e0xima llibertat possible.<\/strong> Aquest plantejament esdev\u00e9 posteriorment una caracter\u00edstica del Moviment Modern, difosa, entre d&#039;altres, per Le Corbusier i Mies van der Rohe, utilitzant pilars d&#039;acer i formig\u00f3.<\/span><span data-ccp-props=\"{&quot;201341983&quot;:0,&quot;335551550&quot;:6,&quot;335551620&quot;:6,&quot;335559740&quot;:276}\">\u00a0<\/span><\/p>\n<p><b><span data-contrast=\"auto\">Fa\u00e7ana lliure<\/span><\/b><span data-contrast=\"auto\">: la planta lliure permet alliberar la fa\u00e7ana de la seva funci\u00f3 estructural. Amb els pilars allunyats de la fa\u00e7ana i els forjats en volad\u00eds, converteix la fa\u00e7ana en una pell amb les obertures situades amb independ\u00e8ncia de l&#039;estructura. La fa\u00e7ana lliure es converteix aix\u00ed mateix en una altra caracter\u00edstica del Moviment Modern i forma part del manifest de Le Corbusier.\u00a0<\/span><span data-ccp-props=\"{&quot;201341983&quot;:0,&quot;335551550&quot;:6,&quot;335551620&quot;:6,&quot;335559740&quot;:276}\">\u00a0<\/span><\/p>\n<p><span data-contrast=\"auto\">Amb aquesta proposta, Gaud\u00ed aconsegueix la m\u00e0xima capacitat expressiva de la fa\u00e7ana ondulant, disposant, com a sistema de fixaci\u00f3 de la pedra, una complexa subestructura met\u00e0l\u00b7lica conformada mitjan\u00e7ant perfils corbats, que li permeten l&#039;obertura de finestres i balcons de grans dimensions i formes.<\/span><span data-ccp-props=\"{&quot;201341983&quot;:0,&quot;335551550&quot;:6,&quot;335551620&quot;:6,&quot;335559740&quot;:276}\">\u00a0<\/span><\/p>\n<p><b><span data-contrast=\"auto\">Transpar\u00e8ncia visual i continu\u00eftat espacial interior-exterior<\/span><\/b><span data-contrast=\"auto\">: temes centrals de l&#039;arquitectura del Moviment Modern s\u00f3n la continu\u00eftat espacial i la dissoluci\u00f3 dels l\u00edmits de l&#039;espai. A la casa Mil\u00e0 Gaud\u00ed planteja una concepci\u00f3 espacial moderna, mitjan\u00e7ant la fusi\u00f3 dels diferents espais edificats, entre ells i amb l&#039;entorn. Els interiors i els exteriors conformen un continu espacial, mantenint una relaci\u00f3 de permeabilitat i mescla, que es converteix en un tema central del projecte.<\/span><span data-ccp-props=\"{&quot;201341983&quot;:0,&quot;335551550&quot;:6,&quot;335551620&quot;:6,&quot;335559740&quot;:276}\">\u00a0<\/span><\/p>\n<p><span data-contrast=\"auto\">El refinament t\u00e8cnic de les fa\u00e7anes de la casa Mil\u00e0 l&#039;acompanya disposant de dos grans patis, un de mida m\u00e9s gran, de forma el\u00b7l\u00edptica, vinculat al carrer Proven\u00e7a, i un altre de forma circular relacionat amb el Passeig de Gr\u00e0cia. Ambd\u00f3s patis es connecten entre si, component una seq\u00fc\u00e8ncia interior d&#039;espais intermedis, que semblen fusionar-se, unint-se i separant-se simult\u00e0niament. Aquests espais es poden definir com a \u00abexteriors tancats\u00bb o \u00abinteriors oberts\u00bb.<\/span><span data-ccp-props=\"{&quot;201341983&quot;:0,&quot;335551550&quot;:6,&quot;335551620&quot;:6,&quot;335559740&quot;:276}\">\u00a0<\/span><\/p>\n<p><span data-contrast=\"auto\">Espais intermedis que generen possibilitats de continu\u00eftat espacial de m\u00e9s complexitat i inter\u00e8s que la mera transpar\u00e8ncia total i sense obstacles, i que no impedeixen la identificaci\u00f3 de l&#039;interior i de l&#039;exterior com a \u00e0mbits espec\u00edfics. La triple dimensi\u00f3 \u2012f\u00edsica, funcional i simb\u00f2lica\u2012 caracteritza els espais intermedis. <strong>Amb aquesta concepci\u00f3 l&#039;arquitectura afegeix les qualitats d&#039;ambig\u00fcitat i de contradicci\u00f3, de mescla i de transici\u00f3, relacionades amb la noci\u00f3 d&#039;espai arquitect\u00f2nic modern.<\/strong><\/span><strong>\u00a0<\/strong><\/p>\n<p><span data-contrast=\"auto\">A la casa Mil\u00e0, Gaud\u00ed trenca amb la tradicional disposici\u00f3 de patis de servei per a la il\u00b7luminaci\u00f3 i ventilaci\u00f3 de cuines, lavabos i altres depend\u00e8ncies auxiliars. Plantejant dos grans patis, introdueix una relaci\u00f3 d&#039;analogia entre la casa i la ciutat. Els patis sidentifiquen com a elements jer\u00e0rquics de lespai intern i adquireixen la condici\u00f3 de pla\u00e7a o \u00e0gora. Constitueixen lespai comunitari o els centres des dels quals sorganitza lespai individual o privat. A m\u00e9s d&#039;aix\u00f2, confereix a les fa\u00e7anes dels patis la mateixa import\u00e0ncia que a la fa\u00e7ana exterior, i amb l&#039;obertura de grans buits a totes, aconsegueix una gran transpar\u00e8ncia visual, augmentada amb la continu\u00eftat espacial dels patis com a espais intermedis. D&#039;aquesta manera, \u00abintrodueix transicions graduals entre diferents condicions espacials, com el p\u00fablic i el privat, l&#039;escala gran i la petita, l&#039;habitaci\u00f3 i l&#039;edifici, la ciutat o el territori\u00bb.<\/span><span data-ccp-props=\"{&quot;201341983&quot;:0,&quot;335551550&quot;:6,&quot;335551620&quot;:6,&quot;335559740&quot;:276}\">\u00a0<\/span><\/p>\n<p><b><span data-contrast=\"auto\">La coberta - jard\u00ed d&#039;escultures<\/span><\/b><span data-contrast=\"auto\">: <\/span><span data-contrast=\"auto\">Gaud\u00ed corona l&#039;edifici amb un terrat concebut com un aut\u00e8ntic \u201cjard\u00ed d&#039;escultures\u201d a l&#039;aire lliure. Situada sobre els arcs parab\u00f2lics que componen l&#039;estructura de les golfes, configura un recorregut ondulant, amb diferents desnivells enlla\u00e7ats per petits trams d&#039;escales, que discorren entre els diferents elements t\u00e8cnics dels sistemes de ventilaci\u00f3 i accessibilitat de l&#039;edifici.<\/span><span data-ccp-props=\"{&quot;201341983&quot;:0,&quot;335551550&quot;:6,&quot;335551620&quot;:6,&quot;335559740&quot;:276}\">\u00a0<\/span><\/p>\n<p><span data-contrast=\"auto\">Lloc aeri que remata el \u201cpasseig arquitect\u00f2nic\u201d constitu\u00eft en connectar els dos espais extrems de la casa, el soterrani i la coberta. Entre tots dos, es genera un cam\u00ed m\u00e0gic de progressiva ascensi\u00f3 cap a la llum. Des de la foscor del soterrani, transita per la lluminosa claredat dels patis per arribar a la coberta, <em>\u00ablloc on s&#039;aposenta i viu amb tot el poder la llum. Domini i extensi\u00f3 de l&#039;aire i latitud sense minva de mirar\u00bb<\/em>, utilitzant les paraules del poeta Jos\u00e9 \u00c1ngel Valente.<\/span><span data-ccp-props=\"{&quot;201341983&quot;:0,&quot;335551550&quot;:6,&quot;335551620&quot;:6,&quot;335559740&quot;:276}\">\u00a0<\/span><\/p>\n<div id=\"attachment_3523\" style=\"width: 2058px\" class=\"wp-caption aligncenter\"><img loading=\"lazy\" decoding=\"async\" aria-describedby=\"caption-attachment-3523\" class=\"wp-image-3523 size-full\" src=\"https:\/\/delfiramos.com\/wp-content\/uploads\/Jardin-de-esculturas-casa-Mila-scaled.jpeg\" alt=\"\" width=\"2048\" height=\"1311\" srcset=\"https:\/\/delfiramos.com\/wp-content\/uploads\/Jardin-de-esculturas-casa-Mila-scaled.jpeg 2048w, https:\/\/delfiramos.com\/wp-content\/uploads\/Jardin-de-esculturas-casa-Mila-300x192.jpeg 300w, https:\/\/delfiramos.com\/wp-content\/uploads\/Jardin-de-esculturas-casa-Mila-1030x660.jpeg 1030w, https:\/\/delfiramos.com\/wp-content\/uploads\/Jardin-de-esculturas-casa-Mila-768x492.jpeg 768w, https:\/\/delfiramos.com\/wp-content\/uploads\/Jardin-de-esculturas-casa-Mila-1536x984.jpeg 1536w, https:\/\/delfiramos.com\/wp-content\/uploads\/Jardin-de-esculturas-casa-Mila-18x12.jpeg 18w, https:\/\/delfiramos.com\/wp-content\/uploads\/Jardin-de-esculturas-casa-Mila-1500x961.jpeg 1500w, https:\/\/delfiramos.com\/wp-content\/uploads\/Jardin-de-esculturas-casa-Mila-705x451.jpeg 705w\" sizes=\"auto, (max-width: 2048px) 100vw, 2048px\" \/><p id=\"caption-attachment-3523\" class=\"wp-caption-text\">Jard\u00ed d&#039;escultures casa Mil\u00e0<\/p><\/div>\n<p><span data-contrast=\"auto\">La coberta \u00e9s un lloc per amagar-se, mirar o exhibir-se. Tanca i protegeix la casa per\u00f2 tamb\u00e9 l&#039;obre sobrevolant el paisatge de la ciutat. Marca el tr\u00e0nsit entre all\u00f2 p\u00fablic i all\u00f2 privat, entre el niu i l&#039;univers. Culmina el \u201cpasseig arquitect\u00f2nic\u201d en qu\u00e8 emergeixen, com si fossin escultures, les sortides de les escales de cargol, les xemeneies dels habitatges i les torres de ventilaci\u00f3 del soterrani, que componen un conjunt d&#039;elements verticals, plens d&#039;imaginaci\u00f3 i fantasia. Es converteix en un paisatge de singular bellesa que incita a la contemplaci\u00f3, a l&#039;assossec de l&#039;\u00e0nim, estimulant el pensament i la manifestaci\u00f3 creadora.<\/span><span data-ccp-props=\"{&quot;201341983&quot;:0,&quot;335551550&quot;:6,&quot;335551620&quot;:6,&quot;335559740&quot;:276}\">\u00a0<\/span><\/p>\n<p><span data-contrast=\"auto\">Per aquest motiu, el component d&#039;imaginaci\u00f3 i fantasia de les escultures \u00e9s font d&#039;inspiraci\u00f3 per al m\u00f3n del cinema i de la literatura i objecte de diferents interpretacions simb\u00f2liques.<\/span><span data-ccp-props=\"{&quot;201341983&quot;:0,&quot;335551550&quot;:6,&quot;335551620&quot;:6,&quot;335559740&quot;:276}\">\u00a0<\/span><\/p>\n<p><span data-contrast=\"auto\">&quot;El passeig arquitect\u00f2nic&quot; i &quot;la terrassa-jard\u00ed d&#039;escultures&quot; de Gaud\u00ed, s\u00f3n precursors de conceptes similars expressats al llegat arquitect\u00f2nic de Le Corbusier, que gravita de manera decisiva en el desenvolupament de l&#039;arquitectura del Moviment Modern.<\/span><span data-ccp-props=\"{&quot;201341983&quot;:0,&quot;335551550&quot;:6,&quot;335551620&quot;:6,&quot;335559740&quot;:276}\">\u00a0<\/span><\/p>\n<p><b><span data-contrast=\"auto\">El soterrani-garatge<\/span><\/b><span data-contrast=\"auto\">: l<\/span><span data-contrast=\"auto\">a innovaci\u00f3 estructural materialitzada pel sistema de pilars en substituci\u00f3 dels murs de c\u00e0rrega, permet la total adaptaci\u00f3 de l&#039;edifici a les noves necessitats que exigeix la vida moderna, entre les quals l&#039;\u00fas creixent de l&#039;autom\u00f2bil. A la innovaci\u00f3 estructural hi afegeix la funcional, i proposa la construcci\u00f3 d&#039;un soterrani destinat a garatge d&#039;autom\u00f2bils i carruatges i trasters.\u00a0\u00a0<\/span><span data-ccp-props=\"{&quot;201341983&quot;:0,&quot;335551550&quot;:6,&quot;335551620&quot;:6,&quot;335559740&quot;:276}\">\u00a0<\/span><\/p>\n<p><b><span data-contrast=\"auto\">L&#039;\u00e8mfasi del cos: modernitat i confort dom\u00e8stic<\/span><\/b><span data-contrast=\"auto\">: p<\/span><span data-contrast=\"auto\">recursora del progr\u00e9s t\u00e8cnic i de l&#039;aven\u00e7 social i espiritual, la casa Mil\u00e0 reuneix un equipament compost per ascensors, cuines i banys completament equipats, i el mobiliari o microarquitectura de Gaud\u00ed insereix a l&#039;interiorisme de la casa. <strong>Aquest equipament es converteix en un exponent del que significa posar l&#039;\u00e8mfasi en el cos, la qualitat de vida i el benestar f\u00edsic i emocional de les persones, que demana la vida moderna.<\/strong><\/span><strong>\u00a0<\/strong><\/p>\n<p><span data-contrast=\"auto\">Despr\u00e9s de la instal\u00b7laci\u00f3 del primer ascensor hidr\u00e0ulic a Barcelona, efectuat el 1888 al monument a Colom amb motiu de l&#039;Exposici\u00f3 Universal, comencen a implantar-se els primers ascensors dom\u00e8stics, signes de modernitat i distinci\u00f3, a l&#039;Ateneu ia la casa Mil\u00e0. Els ascensors modernistes es revesteixen amb riques decoracions, fruit del treball artes\u00e0 d&#039;alta complexitat d&#039;acord amb l&#039;est\u00e8tica del moment.<\/span><span data-ccp-props=\"{&quot;201341983&quot;:0,&quot;335551550&quot;:6,&quot;335551620&quot;:6,&quot;335559740&quot;:276}\">\u00a0<\/span><\/p>\n<p><b><span data-contrast=\"auto\">Comprom\u00eds mediambiental. Reciclatge i reutilitzaci\u00f3:<\/span><\/b><span data-contrast=\"auto\"> el reciclatge i la reutilitzaci\u00f3 de restes de ferralla de desballestament, cadenes, barres i planxes, per a la realitzaci\u00f3 dels balcons i les reixes de les fa\u00e7anes, executades pels germans Llu\u00eds i Josep Miarnau, expressa la creativitat i, per a la seva \u00e8poca, l&#039;ins\u00f2lit comprom\u00eds mediambiental de Gaud\u00ed.<\/span><span data-ccp-props=\"{&quot;201341983&quot;:0,&quot;335551550&quot;:6,&quot;335551620&quot;:6,&quot;335559740&quot;:276}\">\u00a0<\/span><\/p>\n<p>&nbsp;<\/p>\n<p><strong>APARTAMENTS \u201cLA PEDRERA\u201d, MOVIMENT MODERN I REVOLUCI\u00d3 SEXUAL<\/strong><span data-ccp-props=\"{&quot;201341983&quot;:0,&quot;335551550&quot;:6,&quot;335551620&quot;:6,&quot;335559740&quot;:276}\">\u00a0<\/span><\/p>\n<p><span data-contrast=\"auto\">Entre el 1953 i el 1955 l&#039;arquitecte Francisco Juan Barba Corsini (1916-2008) executa el projecte de 13 apartaments moblats a les golfes de La Pedrera, per rendibilitzar un espai destinat des de l&#039;origen a trasters i safareigs. La po\u00e8tica i la concepci\u00f3 espacial de Gaud\u00ed enlluernen Barba Corsini, que considera que aquests apartaments constitueixen l&#039;\u00e8xit m\u00e9s feli\u00e7 de la seva traject\u00f2ria professional. Els arquitectes joves consideren Gaud\u00ed un precursor i un avan\u00e7at de l&#039;arquitectura del Moviment Modern que impera a nivell internacional.<\/span><span data-ccp-props=\"{&quot;201341983&quot;:0,&quot;335551550&quot;:6,&quot;335551620&quot;:6,&quot;335559740&quot;:276}\">\u00a0<\/span><\/p>\n<div id=\"attachment_3517\" style=\"width: 1623px\" class=\"wp-caption aligncenter\"><img loading=\"lazy\" decoding=\"async\" aria-describedby=\"caption-attachment-3517\" class=\"wp-image-3517 size-full\" src=\"https:\/\/delfiramos.com\/wp-content\/uploads\/APARTAMENTOS-LA-PEDRERA-2-scaled.jpg\" alt=\"\" width=\"1613\" height=\"2048\" srcset=\"https:\/\/delfiramos.com\/wp-content\/uploads\/APARTAMENTOS-LA-PEDRERA-2-scaled.jpg 1613w, https:\/\/delfiramos.com\/wp-content\/uploads\/APARTAMENTOS-LA-PEDRERA-2-236x300.jpg 236w, https:\/\/delfiramos.com\/wp-content\/uploads\/APARTAMENTOS-LA-PEDRERA-2-811x1030.jpg 811w, https:\/\/delfiramos.com\/wp-content\/uploads\/APARTAMENTOS-LA-PEDRERA-2-768x975.jpg 768w, https:\/\/delfiramos.com\/wp-content\/uploads\/APARTAMENTOS-LA-PEDRERA-2-1210x1536.jpg 1210w, https:\/\/delfiramos.com\/wp-content\/uploads\/APARTAMENTOS-LA-PEDRERA-2-9x12.jpg 9w, https:\/\/delfiramos.com\/wp-content\/uploads\/APARTAMENTOS-LA-PEDRERA-2-1182x1500.jpg 1182w, https:\/\/delfiramos.com\/wp-content\/uploads\/APARTAMENTOS-LA-PEDRERA-2-555x705.jpg 555w\" sizes=\"auto, (max-width: 1613px) 100vw, 1613px\" \/><p id=\"caption-attachment-3517\" class=\"wp-caption-text\">Apartaments \u00abLa Pedrera\u00bb<\/p><\/div>\n<div id=\"attachment_3518\" style=\"width: 1717px\" class=\"wp-caption aligncenter\"><img loading=\"lazy\" decoding=\"async\" aria-describedby=\"caption-attachment-3518\" class=\"wp-image-3518 size-full\" src=\"https:\/\/delfiramos.com\/wp-content\/uploads\/APARTAMENTOS-LA-PEDRERA-3-scaled.jpg\" alt=\"\" width=\"1707\" height=\"2048\" srcset=\"https:\/\/delfiramos.com\/wp-content\/uploads\/APARTAMENTOS-LA-PEDRERA-3-scaled.jpg 1707w, https:\/\/delfiramos.com\/wp-content\/uploads\/APARTAMENTOS-LA-PEDRERA-3-250x300.jpg 250w, https:\/\/delfiramos.com\/wp-content\/uploads\/APARTAMENTOS-LA-PEDRERA-3-858x1030.jpg 858w, https:\/\/delfiramos.com\/wp-content\/uploads\/APARTAMENTOS-LA-PEDRERA-3-768x922.jpg 768w, https:\/\/delfiramos.com\/wp-content\/uploads\/APARTAMENTOS-LA-PEDRERA-3-1280x1536.jpg 1280w, https:\/\/delfiramos.com\/wp-content\/uploads\/APARTAMENTOS-LA-PEDRERA-3-10x12.jpg 10w, https:\/\/delfiramos.com\/wp-content\/uploads\/APARTAMENTOS-LA-PEDRERA-3-1250x1500.jpg 1250w, https:\/\/delfiramos.com\/wp-content\/uploads\/APARTAMENTOS-LA-PEDRERA-3-588x705.jpg 588w\" sizes=\"auto, (max-width: 1707px) 100vw, 1707px\" \/><p id=\"caption-attachment-3518\" class=\"wp-caption-text\">Apartaments \u00abLa Pedrera\u00bb<\/p><\/div>\n<p><span data-contrast=\"auto\">Als apartaments La Pedrera es produeix la fusi\u00f3 harmoniosa entre l&#039;arquitectura de Gaud\u00ed i l&#039;avantguarda que representa Barba Corsini, que afronta el dif\u00edcil repte de construir a la casa Mil\u00e0 els primers apartaments de Barcelona. Els apartaments La Pedrera, avui ja desmuntats i m\u00edtics, s&#039;habiten amb rapidesa per artistes, pintors, dissenyadors i escriptors. Es publiquen a la revista americana Interiors a causa de les gestions que fa l&#039;arquitecte Peter Harden, delegat del govern dels Estats Units per a les Fires d&#039;Europa, que n&#039;habitava un. D&#039;aquesta manera aconsegueixen notorietat internacional.<\/span><span data-ccp-props=\"{&quot;201341983&quot;:0,&quot;335551550&quot;:6,&quot;335551620&quot;:6,&quot;335559740&quot;:276}\">\u00a0<\/span><\/p>\n<p><span data-contrast=\"auto\">El 1953, el mateix any en qu\u00e8 comen\u00e7a l&#039;execuci\u00f3 dels apartaments, apareix l&#039;actriu Marilyn Monroe a la portada del primer n\u00famero de la revista Playboy, adre\u00e7ada a homes, que inclou imatges er\u00f2tiques de belleses femenines juntament amb una s\u00e8rie d&#039;articles, entre d&#039;altres, dedicats al disseny i l&#039;arquitectura moderna.<\/span><span data-ccp-props=\"{&quot;201341983&quot;:0,&quot;335551550&quot;:6,&quot;335551620&quot;:6,&quot;335559740&quot;:276}\">\u00a0<\/span><\/p>\n<p><span data-contrast=\"auto\">Com assenyala l&#039;arquitecta Beatriz Colomina, amb aquest plantejament la revista Playboy, de car\u00e0cter progressista, es contraposa a revistes com House &amp; Garden o House Beautiful, dirigides a les mestresses de casa, que promocionen l&#039;arquitectura convencional criticant els arquitectes europeus que havien emigrat des d&#039;Europa als Estats Units, com Mies van der Rohe, acusant-los. <strong>En la seva fulgurant aparici\u00f3, Playboy planteja que la seducci\u00f3 no \u00e9s a l&#039;arquitectura victoriana, la seducci\u00f3 \u00e9s a l&#039;arquitectura moderna.<\/strong><\/span><strong>\u00a0<\/strong><\/p>\n<p><span data-contrast=\"auto\">Les m\u00e0ximes figures de l&#039;arquitectura del moment, que desenvolupen conceptes que Gaud\u00ed va anticipar a la casa Mil\u00e0 i que s\u00f3n els referents de Barba Corsini, com ara Mies van der Rohe, Frank Lloyd Wright, Walter Gropius o Saarinen, entre d&#039;altres, apareixen a Playboy. Al costat hi figuren imatges er\u00f2tiques i articles de personalitats com Jean Paul Sartre, premi Nobel de Literatura el 1964, i informaci\u00f3 sobre disseny, art, moda, estil de vida i pol\u00edtica.<\/span><span data-ccp-props=\"{&quot;201341983&quot;:0,&quot;335551550&quot;:6,&quot;335551620&quot;:6,&quot;335559740&quot;:276}\">\u00a0<\/span><\/p>\n<p><span data-contrast=\"auto\">L&#039;any 2012, comissariada per Beatriz Colomina, professora de l&#039;Escola d&#039;Arquitectura de la Universitat de Princeton, se celebra a l&#039;Elmhurst Art Museum de Chicago l&#039;exposici\u00f3 Playboy Architecture, 1953-1979, que mitjan\u00e7ant fotografies, v\u00eddeos, imatges virtuals i objectes de disseny mostra la influ\u00e8ncia de la revista a la revista guerra freda, creixement del feminisme, comercialitzaci\u00f3 de la p\u00edndola i debats de tota mena. En aquest context, l&#039;arquitectura contribueix a conformar una nova identitat sexual i de consum a l&#039;home americ\u00e0, i tamb\u00e9 es converteix en l&#039;escenari d&#039;\u00e8xit en l&#039;art de la seducci\u00f3. La revoluci\u00f3 arquitect\u00f2nica \u00e9s lexpressi\u00f3 de la revoluci\u00f3 sexual dels anys seixanta.<\/span><span data-ccp-props=\"{&quot;201341983&quot;:0,&quot;335551550&quot;:6,&quot;335551620&quot;:6,&quot;335559740&quot;:276}\">\u00a0<\/span><\/p>\n<p><span data-contrast=\"auto\">Amb el segle XX s&#039;entra en un temps nou, en qu\u00e8 es genera una din\u00e0mica de transformaci\u00f3 i modernitzaci\u00f3, que t\u00e9 segments decisius a la ciutat i l&#039;arquitectura. Gaud\u00ed aporta innovacions pioneres com la planta i la fa\u00e7ana lliure, la transpar\u00e8ncia visual i la continu\u00eftat espacial interior-exterior, la coberta-jard\u00ed d&#039;escultures, el soterrani-garatge, l&#039;\u00e8mfasi del cos i el reciclatge i la reutilitzaci\u00f3 de materials. <strong>Les innovacions que Gaud\u00ed aporta a La casa Mil\u00e0 es recullen posteriorment en les experi\u00e8ncies dels arquitectes moderns, l&#039;obra dels quals contribueix a la visi\u00f3 de l&#039;arquitectura com una forma de seducci\u00f3, que va de la m\u00e0 de la revoluci\u00f3 sexual.<\/strong><\/span><strong>\u00a0<\/strong><\/p>\n<p><span data-contrast=\"auto\">La casa Mil\u00e0, que en el moment de la construcci\u00f3 genera controv\u00e8rsia i estupefacci\u00f3, s&#039;ha convertit avui en un dels llocs m\u00e9s visitats de Barcelona. El 1984 la UNESCO la declara Patrimoni Mundial. El 1986 l&#039;adquireix la Caixa de Catalunya, que organitza les exposicions, activitats i visites.<\/span><span data-ccp-props=\"{&quot;201341983&quot;:0,&quot;335551550&quot;:6,&quot;335551620&quot;:6,&quot;335559740&quot;:276}\">\u00a0<\/span><\/p>\n<p><strong>Potser \u00e9s una de les obres d&#039;arquitectura amb m\u00e9s capacitat de suggeriment, enigma, subtilesa i fantasia, manifestacions del seu poder de seducci\u00f3.\u00a0<\/strong><\/p>\n<div id=\"attachment_3513\" style=\"width: 2058px\" class=\"wp-caption aligncenter\"><img loading=\"lazy\" decoding=\"async\" aria-describedby=\"caption-attachment-3513\" class=\"size-full wp-image-3513\" src=\"https:\/\/delfiramos.com\/wp-content\/uploads\/Con-Ramon-de-Torres-Cable-ingles-scaled.jpg\" alt=\"\" width=\"2048\" height=\"1540\" srcset=\"https:\/\/delfiramos.com\/wp-content\/uploads\/Con-Ramon-de-Torres-Cable-ingles-scaled.jpg 2048w, https:\/\/delfiramos.com\/wp-content\/uploads\/Con-Ramon-de-Torres-Cable-ingles-300x226.jpg 300w, https:\/\/delfiramos.com\/wp-content\/uploads\/Con-Ramon-de-Torres-Cable-ingles-1030x774.jpg 1030w, https:\/\/delfiramos.com\/wp-content\/uploads\/Con-Ramon-de-Torres-Cable-ingles-768x577.jpg 768w, https:\/\/delfiramos.com\/wp-content\/uploads\/Con-Ramon-de-Torres-Cable-ingles-1536x1155.jpg 1536w, https:\/\/delfiramos.com\/wp-content\/uploads\/Con-Ramon-de-Torres-Cable-ingles-16x12.jpg 16w, https:\/\/delfiramos.com\/wp-content\/uploads\/Con-Ramon-de-Torres-Cable-ingles-1500x1128.jpg 1500w, https:\/\/delfiramos.com\/wp-content\/uploads\/Con-Ramon-de-Torres-Cable-ingles-705x530.jpg 705w\" sizes=\"auto, (max-width: 2048px) 100vw, 2048px\" \/><p id=\"caption-attachment-3513\" class=\"wp-caption-text\">Amb Ram\u00f3n de Torres al costat del Cable angl\u00e8s<\/p><\/div>\n<p>&nbsp;<\/p>","protected":false},"excerpt":{"rendered":"<p>De acuerdo con una visi\u00f3n determinista de la arquitectura, la configuraci\u00f3n del espacio influye en el comportamiento y la moral y no s\u00f3lo en direcci\u00f3n opuesta. Cabr\u00eda entonces hacerse la siguiente pregunta: \u00bfel deseo se ha hecho a medida de los espacios o son los espacios los que se han hecho a medida del deseo? [&hellip;]<\/p>","protected":false},"author":5,"featured_media":3514,"comment_status":"closed","ping_status":"closed","sticky":false,"template":"","format":"standard","meta":{"_joinchat":[],"footnotes":""},"categories":[36],"tags":[],"class_list":["post-3511","post","type-post","status-publish","format-standard","has-post-thumbnail","hentry","category-sexologia"],"yoast_head":"<!-- This site is optimized with the Yoast SEO plugin v25.2 - https:\/\/yoast.com\/wordpress\/plugins\/seo\/ -->\n<title>FMT 5: La casa Mil\u00e0 como paradigma de la arquitectura modernista catalana y su carga er\u00f3tica. An\u00e1lisis de Ram\u00f3n de Torres. &#183; Delfi Ramos<\/title>\n<meta name=\"robots\" content=\"index, follow, max-snippet:-1, max-image-preview:large, max-video-preview:-1\" \/>\n<link rel=\"canonical\" href=\"https:\/\/delfiramos.com\/ca\/fmt-5-la-casa-mila-como-paradigma-de-la-arquitectura-modernista-catalana-y-su-carga-erotica-analisis-de-ramon-de-torres\/\" \/>\n<meta property=\"og:locale\" content=\"ca_ES\" \/>\n<meta property=\"og:type\" content=\"article\" \/>\n<meta property=\"og:title\" content=\"FMT 5: La casa Mil\u00e0 como paradigma de la arquitectura modernista catalana y su carga er\u00f3tica. An\u00e1lisis de Ram\u00f3n de Torres. &#183; Delfi Ramos\" \/>\n<meta property=\"og:description\" content=\"De acuerdo con una visi\u00f3n determinista de la arquitectura, la configuraci\u00f3n del espacio influye en el comportamiento y la moral y no s\u00f3lo en direcci\u00f3n opuesta. Cabr\u00eda entonces hacerse la siguiente pregunta: \u00bfel deseo se ha hecho a medida de los espacios o son los espacios los que se han hecho a medida del deseo? [&hellip;]\" \/>\n<meta property=\"og:url\" content=\"https:\/\/delfiramos.com\/ca\/fmt-5-la-casa-mila-como-paradigma-de-la-arquitectura-modernista-catalana-y-su-carga-erotica-analisis-de-ramon-de-torres\/\" \/>\n<meta property=\"og:site_name\" content=\"Delfi Ramos\" \/>\n<meta property=\"article:published_time\" content=\"2025-05-04T23:41:03+00:00\" \/>\n<meta property=\"article:modified_time\" content=\"2025-05-05T06:22:06+00:00\" \/>\n<meta property=\"og:image\" content=\"https:\/\/delfiramos.com\/wp-content\/uploads\/Fachada-exterior-casa-Mila-1030x746.jpg\" \/>\n\t<meta property=\"og:image:width\" content=\"1030\" \/>\n\t<meta property=\"og:image:height\" content=\"746\" \/>\n\t<meta property=\"og:image:type\" content=\"image\/jpeg\" \/>\n<meta name=\"author\" content=\"Delfi Ramos\" \/>\n<meta name=\"twitter:card\" content=\"summary_large_image\" \/>\n<meta name=\"twitter:label1\" content=\"Escrit per\" \/>\n\t<meta name=\"twitter:data1\" content=\"Delfi Ramos\" \/>\n\t<meta name=\"twitter:label2\" content=\"Temps estimat de lectura\" \/>\n\t<meta name=\"twitter:data2\" content=\"15 minuts\" \/>\n<script type=\"application\/ld+json\" class=\"yoast-schema-graph\">{\"@context\":\"https:\/\/schema.org\",\"@graph\":[{\"@type\":\"Article\",\"@id\":\"https:\/\/delfiramos.com\/fmt-5-la-casa-mila-como-paradigma-de-la-arquitectura-modernista-catalana-y-su-carga-erotica-analisis-de-ramon-de-torres\/#article\",\"isPartOf\":{\"@id\":\"https:\/\/delfiramos.com\/fmt-5-la-casa-mila-como-paradigma-de-la-arquitectura-modernista-catalana-y-su-carga-erotica-analisis-de-ramon-de-torres\/\"},\"author\":{\"name\":\"Delfi Ramos\",\"@id\":\"https:\/\/delfiramos.com\/#\/schema\/person\/3b9dc9c684235188d03b71fcda7ba40c\"},\"headline\":\"FMT 5: La casa Mil\u00e0 como paradigma de la arquitectura modernista catalana y su carga er\u00f3tica. An\u00e1lisis de Ram\u00f3n de Torres.\",\"datePublished\":\"2025-05-04T23:41:03+00:00\",\"dateModified\":\"2025-05-05T06:22:06+00:00\",\"mainEntityOfPage\":{\"@id\":\"https:\/\/delfiramos.com\/fmt-5-la-casa-mila-como-paradigma-de-la-arquitectura-modernista-catalana-y-su-carga-erotica-analisis-de-ramon-de-torres\/\"},\"wordCount\":3094,\"publisher\":{\"@id\":\"https:\/\/delfiramos.com\/#\/schema\/person\/3b9dc9c684235188d03b71fcda7ba40c\"},\"image\":{\"@id\":\"https:\/\/delfiramos.com\/fmt-5-la-casa-mila-como-paradigma-de-la-arquitectura-modernista-catalana-y-su-carga-erotica-analisis-de-ramon-de-torres\/#primaryimage\"},\"thumbnailUrl\":\"https:\/\/delfiramos.com\/wp-content\/uploads\/Fachada-exterior-casa-Mila-scaled.jpg\",\"articleSection\":[\"Sexolog\u00eda\"],\"inLanguage\":\"ca\"},{\"@type\":\"WebPage\",\"@id\":\"https:\/\/delfiramos.com\/fmt-5-la-casa-mila-como-paradigma-de-la-arquitectura-modernista-catalana-y-su-carga-erotica-analisis-de-ramon-de-torres\/\",\"url\":\"https:\/\/delfiramos.com\/fmt-5-la-casa-mila-como-paradigma-de-la-arquitectura-modernista-catalana-y-su-carga-erotica-analisis-de-ramon-de-torres\/\",\"name\":\"FMT 5: La casa Mil\u00e0 como paradigma de la arquitectura modernista catalana y su carga er\u00f3tica. An\u00e1lisis de Ram\u00f3n de Torres. &#183; Delfi Ramos\",\"isPartOf\":{\"@id\":\"https:\/\/delfiramos.com\/#website\"},\"primaryImageOfPage\":{\"@id\":\"https:\/\/delfiramos.com\/fmt-5-la-casa-mila-como-paradigma-de-la-arquitectura-modernista-catalana-y-su-carga-erotica-analisis-de-ramon-de-torres\/#primaryimage\"},\"image\":{\"@id\":\"https:\/\/delfiramos.com\/fmt-5-la-casa-mila-como-paradigma-de-la-arquitectura-modernista-catalana-y-su-carga-erotica-analisis-de-ramon-de-torres\/#primaryimage\"},\"thumbnailUrl\":\"https:\/\/delfiramos.com\/wp-content\/uploads\/Fachada-exterior-casa-Mila-scaled.jpg\",\"datePublished\":\"2025-05-04T23:41:03+00:00\",\"dateModified\":\"2025-05-05T06:22:06+00:00\",\"breadcrumb\":{\"@id\":\"https:\/\/delfiramos.com\/fmt-5-la-casa-mila-como-paradigma-de-la-arquitectura-modernista-catalana-y-su-carga-erotica-analisis-de-ramon-de-torres\/#breadcrumb\"},\"inLanguage\":\"ca\",\"potentialAction\":[{\"@type\":\"ReadAction\",\"target\":[\"https:\/\/delfiramos.com\/fmt-5-la-casa-mila-como-paradigma-de-la-arquitectura-modernista-catalana-y-su-carga-erotica-analisis-de-ramon-de-torres\/\"]}]},{\"@type\":\"ImageObject\",\"inLanguage\":\"ca\",\"@id\":\"https:\/\/delfiramos.com\/fmt-5-la-casa-mila-como-paradigma-de-la-arquitectura-modernista-catalana-y-su-carga-erotica-analisis-de-ramon-de-torres\/#primaryimage\",\"url\":\"https:\/\/delfiramos.com\/wp-content\/uploads\/Fachada-exterior-casa-Mila-scaled.jpg\",\"contentUrl\":\"https:\/\/delfiramos.com\/wp-content\/uploads\/Fachada-exterior-casa-Mila-scaled.jpg\",\"width\":2048,\"height\":1483},{\"@type\":\"BreadcrumbList\",\"@id\":\"https:\/\/delfiramos.com\/fmt-5-la-casa-mila-como-paradigma-de-la-arquitectura-modernista-catalana-y-su-carga-erotica-analisis-de-ramon-de-torres\/#breadcrumb\",\"itemListElement\":[{\"@type\":\"ListItem\",\"position\":1,\"name\":\"Inicio\",\"item\":\"https:\/\/delfiramos.com\/inicio\/\"},{\"@type\":\"ListItem\",\"position\":2,\"name\":\"FMT 5: La casa Mil\u00e0 como paradigma de la arquitectura modernista catalana y su carga er\u00f3tica. An\u00e1lisis de Ram\u00f3n de Torres.\"}]},{\"@type\":\"WebSite\",\"@id\":\"https:\/\/delfiramos.com\/#website\",\"url\":\"https:\/\/delfiramos.com\/\",\"name\":\"Delfi Ramos\",\"description\":\"Psic\u00f3loga Sanitaria y Sex\u00f3loga \u00b7 M\u00e1ster en An\u00e1lisis Funcional en Contextos Cl\u00ednicos y de la Salud \u00b7 M\u00e1ster en Intervenci\u00f3n en Trastornos Psicol\u00f3gicos en Infancia y Adolescencia\",\"publisher\":{\"@id\":\"https:\/\/delfiramos.com\/#\/schema\/person\/3b9dc9c684235188d03b71fcda7ba40c\"},\"alternateName\":\"Sex\u00f3loga y Psic\u00f3loga Sanitaria\",\"potentialAction\":[{\"@type\":\"SearchAction\",\"target\":{\"@type\":\"EntryPoint\",\"urlTemplate\":\"https:\/\/delfiramos.com\/?s={search_term_string}\"},\"query-input\":{\"@type\":\"PropertyValueSpecification\",\"valueRequired\":true,\"valueName\":\"search_term_string\"}}],\"inLanguage\":\"ca\"},{\"@type\":[\"Person\",\"Organization\"],\"@id\":\"https:\/\/delfiramos.com\/#\/schema\/person\/3b9dc9c684235188d03b71fcda7ba40c\",\"name\":\"Delfi Ramos\",\"logo\":{\"@id\":\"https:\/\/delfiramos.com\/#\/schema\/person\/image\/\"},\"sameAs\":[\"https:\/\/delfiramos.com\/\"],\"url\":\"https:\/\/delfiramos.com\/ca\/author\/delfi-ramos\/\"}]}<\/script>\n<!-- \/ Yoast SEO plugin. -->","yoast_head_json":{"title":"FMT 5: La casa Mil\u00e0 como paradigma de la arquitectura modernista catalana y su carga er\u00f3tica. An\u00e1lisis de Ram\u00f3n de Torres. &#183; Delfi Ramos","robots":{"index":"index","follow":"follow","max-snippet":"max-snippet:-1","max-image-preview":"max-image-preview:large","max-video-preview":"max-video-preview:-1"},"canonical":"https:\/\/delfiramos.com\/ca\/fmt-5-la-casa-mila-como-paradigma-de-la-arquitectura-modernista-catalana-y-su-carga-erotica-analisis-de-ramon-de-torres\/","og_locale":"ca_ES","og_type":"article","og_title":"FMT 5: La casa Mil\u00e0 como paradigma de la arquitectura modernista catalana y su carga er\u00f3tica. An\u00e1lisis de Ram\u00f3n de Torres. &#183; Delfi Ramos","og_description":"De acuerdo con una visi\u00f3n determinista de la arquitectura, la configuraci\u00f3n del espacio influye en el comportamiento y la moral y no s\u00f3lo en direcci\u00f3n opuesta. Cabr\u00eda entonces hacerse la siguiente pregunta: \u00bfel deseo se ha hecho a medida de los espacios o son los espacios los que se han hecho a medida del deseo? [&hellip;]","og_url":"https:\/\/delfiramos.com\/ca\/fmt-5-la-casa-mila-como-paradigma-de-la-arquitectura-modernista-catalana-y-su-carga-erotica-analisis-de-ramon-de-torres\/","og_site_name":"Delfi Ramos","article_published_time":"2025-05-04T23:41:03+00:00","article_modified_time":"2025-05-05T06:22:06+00:00","og_image":[{"width":1030,"height":746,"url":"https:\/\/delfiramos.com\/wp-content\/uploads\/Fachada-exterior-casa-Mila-1030x746.jpg","type":"image\/jpeg"}],"author":"Delfi Ramos","twitter_card":"summary_large_image","twitter_misc":{"Escrit per":"Delfi Ramos","Temps estimat de lectura":"15 minuts"},"schema":{"@context":"https:\/\/schema.org","@graph":[{"@type":"Article","@id":"https:\/\/delfiramos.com\/fmt-5-la-casa-mila-como-paradigma-de-la-arquitectura-modernista-catalana-y-su-carga-erotica-analisis-de-ramon-de-torres\/#article","isPartOf":{"@id":"https:\/\/delfiramos.com\/fmt-5-la-casa-mila-como-paradigma-de-la-arquitectura-modernista-catalana-y-su-carga-erotica-analisis-de-ramon-de-torres\/"},"author":{"name":"Delfi Ramos","@id":"https:\/\/delfiramos.com\/#\/schema\/person\/3b9dc9c684235188d03b71fcda7ba40c"},"headline":"FMT 5: La casa Mil\u00e0 como paradigma de la arquitectura modernista catalana y su carga er\u00f3tica. An\u00e1lisis de Ram\u00f3n de Torres.","datePublished":"2025-05-04T23:41:03+00:00","dateModified":"2025-05-05T06:22:06+00:00","mainEntityOfPage":{"@id":"https:\/\/delfiramos.com\/fmt-5-la-casa-mila-como-paradigma-de-la-arquitectura-modernista-catalana-y-su-carga-erotica-analisis-de-ramon-de-torres\/"},"wordCount":3094,"publisher":{"@id":"https:\/\/delfiramos.com\/#\/schema\/person\/3b9dc9c684235188d03b71fcda7ba40c"},"image":{"@id":"https:\/\/delfiramos.com\/fmt-5-la-casa-mila-como-paradigma-de-la-arquitectura-modernista-catalana-y-su-carga-erotica-analisis-de-ramon-de-torres\/#primaryimage"},"thumbnailUrl":"https:\/\/delfiramos.com\/wp-content\/uploads\/Fachada-exterior-casa-Mila-scaled.jpg","articleSection":["Sexolog\u00eda"],"inLanguage":"ca"},{"@type":"WebPage","@id":"https:\/\/delfiramos.com\/fmt-5-la-casa-mila-como-paradigma-de-la-arquitectura-modernista-catalana-y-su-carga-erotica-analisis-de-ramon-de-torres\/","url":"https:\/\/delfiramos.com\/fmt-5-la-casa-mila-como-paradigma-de-la-arquitectura-modernista-catalana-y-su-carga-erotica-analisis-de-ramon-de-torres\/","name":"FMT 5: La casa Mil\u00e0 como paradigma de la arquitectura modernista catalana y su carga er\u00f3tica. An\u00e1lisis de Ram\u00f3n de Torres. &#183; Delfi Ramos","isPartOf":{"@id":"https:\/\/delfiramos.com\/#website"},"primaryImageOfPage":{"@id":"https:\/\/delfiramos.com\/fmt-5-la-casa-mila-como-paradigma-de-la-arquitectura-modernista-catalana-y-su-carga-erotica-analisis-de-ramon-de-torres\/#primaryimage"},"image":{"@id":"https:\/\/delfiramos.com\/fmt-5-la-casa-mila-como-paradigma-de-la-arquitectura-modernista-catalana-y-su-carga-erotica-analisis-de-ramon-de-torres\/#primaryimage"},"thumbnailUrl":"https:\/\/delfiramos.com\/wp-content\/uploads\/Fachada-exterior-casa-Mila-scaled.jpg","datePublished":"2025-05-04T23:41:03+00:00","dateModified":"2025-05-05T06:22:06+00:00","breadcrumb":{"@id":"https:\/\/delfiramos.com\/fmt-5-la-casa-mila-como-paradigma-de-la-arquitectura-modernista-catalana-y-su-carga-erotica-analisis-de-ramon-de-torres\/#breadcrumb"},"inLanguage":"ca","potentialAction":[{"@type":"ReadAction","target":["https:\/\/delfiramos.com\/fmt-5-la-casa-mila-como-paradigma-de-la-arquitectura-modernista-catalana-y-su-carga-erotica-analisis-de-ramon-de-torres\/"]}]},{"@type":"ImageObject","inLanguage":"ca","@id":"https:\/\/delfiramos.com\/fmt-5-la-casa-mila-como-paradigma-de-la-arquitectura-modernista-catalana-y-su-carga-erotica-analisis-de-ramon-de-torres\/#primaryimage","url":"https:\/\/delfiramos.com\/wp-content\/uploads\/Fachada-exterior-casa-Mila-scaled.jpg","contentUrl":"https:\/\/delfiramos.com\/wp-content\/uploads\/Fachada-exterior-casa-Mila-scaled.jpg","width":2048,"height":1483},{"@type":"BreadcrumbList","@id":"https:\/\/delfiramos.com\/fmt-5-la-casa-mila-como-paradigma-de-la-arquitectura-modernista-catalana-y-su-carga-erotica-analisis-de-ramon-de-torres\/#breadcrumb","itemListElement":[{"@type":"ListItem","position":1,"name":"Inicio","item":"https:\/\/delfiramos.com\/inicio\/"},{"@type":"ListItem","position":2,"name":"FMT 5: La casa Mil\u00e0 como paradigma de la arquitectura modernista catalana y su carga er\u00f3tica. An\u00e1lisis de Ram\u00f3n de Torres."}]},{"@type":"WebSite","@id":"https:\/\/delfiramos.com\/#website","url":"https:\/\/delfiramos.com\/","name":"Delfi Ramos","description":"Psic\u00f3loga Sanitaria y Sex\u00f3loga \u00b7 M\u00e1ster en An\u00e1lisis Funcional en Contextos Cl\u00ednicos y de la Salud \u00b7 M\u00e1ster en Intervenci\u00f3n en Trastornos Psicol\u00f3gicos en Infancia y Adolescencia","publisher":{"@id":"https:\/\/delfiramos.com\/#\/schema\/person\/3b9dc9c684235188d03b71fcda7ba40c"},"alternateName":"Sex\u00f3loga y Psic\u00f3loga Sanitaria","potentialAction":[{"@type":"SearchAction","target":{"@type":"EntryPoint","urlTemplate":"https:\/\/delfiramos.com\/?s={search_term_string}"},"query-input":{"@type":"PropertyValueSpecification","valueRequired":true,"valueName":"search_term_string"}}],"inLanguage":"ca"},{"@type":["Person","Organization"],"@id":"https:\/\/delfiramos.com\/#\/schema\/person\/3b9dc9c684235188d03b71fcda7ba40c","name":"Delfi Ramos","logo":{"@id":"https:\/\/delfiramos.com\/#\/schema\/person\/image\/"},"sameAs":["https:\/\/delfiramos.com\/"],"url":"https:\/\/delfiramos.com\/ca\/author\/delfi-ramos\/"}]}},"_links":{"self":[{"href":"https:\/\/delfiramos.com\/ca\/wp-json\/wp\/v2\/posts\/3511","targetHints":{"allow":["GET"]}}],"collection":[{"href":"https:\/\/delfiramos.com\/ca\/wp-json\/wp\/v2\/posts"}],"about":[{"href":"https:\/\/delfiramos.com\/ca\/wp-json\/wp\/v2\/types\/post"}],"author":[{"embeddable":true,"href":"https:\/\/delfiramos.com\/ca\/wp-json\/wp\/v2\/users\/5"}],"replies":[{"embeddable":true,"href":"https:\/\/delfiramos.com\/ca\/wp-json\/wp\/v2\/comments?post=3511"}],"version-history":[{"count":5,"href":"https:\/\/delfiramos.com\/ca\/wp-json\/wp\/v2\/posts\/3511\/revisions"}],"predecessor-version":[{"id":3526,"href":"https:\/\/delfiramos.com\/ca\/wp-json\/wp\/v2\/posts\/3511\/revisions\/3526"}],"wp:featuredmedia":[{"embeddable":true,"href":"https:\/\/delfiramos.com\/ca\/wp-json\/wp\/v2\/media\/3514"}],"wp:attachment":[{"href":"https:\/\/delfiramos.com\/ca\/wp-json\/wp\/v2\/media?parent=3511"}],"wp:term":[{"taxonomy":"category","embeddable":true,"href":"https:\/\/delfiramos.com\/ca\/wp-json\/wp\/v2\/categories?post=3511"},{"taxonomy":"post_tag","embeddable":true,"href":"https:\/\/delfiramos.com\/ca\/wp-json\/wp\/v2\/tags?post=3511"}],"curies":[{"name":"wp","href":"https:\/\/api.w.org\/{rel}","templated":true}]}}