{"id":3527,"date":"2025-05-05T02:43:15","date_gmt":"2025-05-05T00:43:15","guid":{"rendered":"https:\/\/delfiramos.com\/?p=3527"},"modified":"2025-05-07T10:30:05","modified_gmt":"2025-05-07T08:30:05","slug":"fmt-6-sobre-el-origen-de-la-sicalipsis-y-el-cuple","status":"publish","type":"post","link":"https:\/\/delfiramos.com\/ca\/fmt-6-sobre-el-origen-de-la-sicalipsis-y-el-cuple\/","title":{"rendered":"FMT 6: Sobre l&#039;origen de la sicalipsi i el cuplet"},"content":{"rendered":"<p><span data-contrast=\"none\">Si b\u00e9 la paraula sicalipsi ja estava plenament arrelada en el nostre idioma cap al 1907, <strong>el seu origen \u00e9s incert i han aparegut diferents llegendes sobre la seva possible etimologia<\/strong>, que \u00e9s esmunyedissa, igual que la definici\u00f3 del cuplet. \u00c9s impossible parlar de sicalipsi sense parlar del cuplet, i, com passa amb la sicalipsi, es fa molt complicat determinar exactament qu\u00e8 \u00e9s el cuplet. Manuel Machado ja es preguntava <\/span><i><span data-contrast=\"none\">\u201cSer\u00e0 alguna cosa el cuplet?\u201d<\/span><\/i><span data-contrast=\"none\">. Per Gloria G. Dur\u00e1n, escriptora, artista i docent a la facultat de Belles Arts de la USAL, una immensa constel\u00b7laci\u00f3 de creadores d&#039;aquestes noves formes de ser dona s\u00f3n les art\u00edfexs del cuplet i la sicalipsi, que no s\u00f3n ni ballarines de caf\u00e8 ni de sarsuela, ni cantants d&#039;\u00f2pera, ni cantants d&#039;\u00f2pera. No obstant, alguna cosa tenen de totes elles, de flamenques, ballarines, cantants\u2026 tot regirat i fos amb alguna cosa tamb\u00e9 original i pr\u00f2pia. M\u00e9s que un codi tancat de normes estrictes va ser una actitud, una sensibilitat per a unes hero\u00efnes de la modernitat. <strong>La paraula, que nom\u00e9s existeix en castell\u00e0, ja est\u00e0 en des\u00fas i ha estat sepultada sota cert halo de simplificaci\u00f3 pornogr\u00e0fica, cosa que amaga els milers de matisos que amaga.\u00a0<\/strong><\/span><span data-ccp-props=\"{&quot;201341983&quot;:0,&quot;335559740&quot;:276}\">\u00a0<\/span><\/p>\n<p><span data-contrast=\"none\">Federico Ruiz Morcuende ja el 1919 considerava \u201csicalipsi\u201d un vocable modern i pensava que Gr\u00e8cia poc havia tingut a veure en la seva g\u00e8nesi.<\/span><span data-ccp-props=\"{&quot;201341983&quot;:0,&quot;335559740&quot;:276}\">\u00a0<\/span><\/p>\n<p><i><span data-contrast=\"auto\">\u201cSical\u00edptic \u00e9s per a nosaltres, i ho ser\u00e0 per a vost\u00e8s d&#039;aqu\u00ed endavant, tot all\u00f2 que significa el punt intermedi entre all\u00f2 moral art\u00edstic i el desenfadat sense art: sense ser el primer en absolut, no arribar al segon, per\u00f2: mantenir-se en el just l\u00edmit i guardant un equilibri inversemblant per no provocar la indignaci\u00f3 i l&#039;anatema dels excitants poderosos per al seu gust estragat. Aix\u00f2 \u00e9s el veritablement sital\u00edptic, recorrent pancienzudament les interminables columnes del diccionari, que confeccionen els nostres immortals, no vaig poder trobar la paraula que constitu\u00eds el qualificatiu apropiat a aquesta publicaci\u00f3; maldestres. Ben mirat, \u00e9s m\u00e9s f\u00e0cil inventar una paraula que un nou impost, per exemple, sobre que la nostra invenci\u00f3 no perjudica ning\u00fa, ni tan sols el bell idioma castell\u00e0, que es pot anar enriquint aix\u00ed. Qu\u00e8 aposten vost\u00e8s que si ens ho proposem tots arribem a imposar la paraula? Aneu a sentir cantar el tango dels lunars a una tiple que excedeix en picardia i en atenci\u00f3 a la lletra d&#039;aquest n\u00famero i que acompanya la m\u00fasica amb moviments lascius sense que arribi, per\u00f2, a l&#039;indecent, i convindr\u00e0 vost\u00e8 amb mi que aquella artista l&#039;entusiasma pel que t\u00e9 de sical\u00edptic\u201d.<\/span><\/i><span data-contrast=\"auto\">\u00a0<\/span><span data-ccp-props=\"{&quot;201341983&quot;:0,&quot;335559740&quot;:276}\">\u00a0<\/span><\/p>\n<div id=\"attachment_3528\" style=\"width: 1395px\" class=\"wp-caption aligncenter\"><img loading=\"lazy\" decoding=\"async\" aria-describedby=\"caption-attachment-3528\" class=\"size-full wp-image-3528\" src=\"https:\/\/delfiramos.com\/wp-content\/uploads\/Las-mujeres-galantes-scaled.jpg\" alt=\"\" width=\"1385\" height=\"2048\" srcset=\"https:\/\/delfiramos.com\/wp-content\/uploads\/Las-mujeres-galantes-scaled.jpg 1385w, https:\/\/delfiramos.com\/wp-content\/uploads\/Las-mujeres-galantes-203x300.jpg 203w, https:\/\/delfiramos.com\/wp-content\/uploads\/Las-mujeres-galantes-696x1030.jpg 696w, https:\/\/delfiramos.com\/wp-content\/uploads\/Las-mujeres-galantes-768x1136.jpg 768w, https:\/\/delfiramos.com\/wp-content\/uploads\/Las-mujeres-galantes-1039x1536.jpg 1039w, https:\/\/delfiramos.com\/wp-content\/uploads\/Las-mujeres-galantes-8x12.jpg 8w, https:\/\/delfiramos.com\/wp-content\/uploads\/Las-mujeres-galantes-1014x1500.jpg 1014w, https:\/\/delfiramos.com\/wp-content\/uploads\/Las-mujeres-galantes-477x705.jpg 477w\" sizes=\"auto, (max-width: 1385px) 100vw, 1385px\" \/><p id=\"caption-attachment-3528\" class=\"wp-caption-text\">\u00abLes dones galants\u00bb quadern n\u00fam. 1 (1902)<\/p><\/div>\n<p><span data-contrast=\"none\">Segurament en utilitzar aquesta paraula F\u00e8lix Limendoux es va guiar per m\u00faltiples refer\u00e8ncies psicol\u00f2giques, apocal\u00edptiques, epil\u00e8ptiques i fins i tot sifil\u00edtiques. L&#039;amena\u00e7a per a la salut social que comportava aquesta paraula tenia per for\u00e7a que estar associada a un origen m\u00e9s nociu, relacionat amb el contagi, amb el virus, amb la por que ja express\u00e9s Miguel de Unamuno a l&#039;absoluta desestructuraci\u00f3 de la societat, com una <strong>esp\u00e8cie d&#039;estranya combinaci\u00f3 entre l&#039;epil\u00e8psia i la s\u00edfilis, dues malalties que van envoltar el m\u00f3n dels espectacles<\/strong> <strong>de varietats<\/strong>, associades a cert ball de San Vito, perill\u00f3s i contagi\u00f3s, portador d&#039;incurables malalties com la s\u00edfilis o la hist\u00e8ria. <a href=\"https:\/\/delfiramos.com\/ca\/fmt-7-histeria-patologizando-el-deseo-femenino\/\" target=\"_blank\" rel=\"noopener\">histeria<\/a>.<\/span><span data-ccp-props=\"{&quot;201341983&quot;:0,&quot;335559740&quot;:276}\">\u00a0<\/span><\/p>\n<p><span data-contrast=\"none\">Per a Rae Beth Gordon l&#039;origen de la nostra cultura de l&#039;espectacle est\u00e0 en aquelles cantants que es van anomenar epil\u00e8ptiques agitades o gommeuses i que van tenir gran popularitat a Fran\u00e7a entre el p\u00fablic urb\u00e0 i els grans artistes cap a meitat del segle XIX. Recordem l&#039;est\u00e8tica que van promoure els <a href=\"https:\/\/delfiramos.com\/ca\/fmt-7-histeria-patologizando-el-deseo-femenino\/\" target=\"_blank\" rel=\"noopener\">cat\u00e0legs fotogr\u00e0fics del neur\u00f2leg Jean-Martin Charcot<\/a> en qu\u00e8 les malaltes de l&#039;hospital de la Piti\u00e9-Salp\u00eatri\u00e8re apareixien simulant atacs epil\u00e8ptics i hist\u00e8rics, generant aquesta barreja entre atracci\u00f3 i repulsi\u00f3, que despr\u00e9s es va bolcar al m\u00f3n de l&#039;espectacle. \u00c9s m\u00e9s, aquestes sessions fotogr\u00e0fiques de Charcot que s&#039;obrien al p\u00fablic els dimarts ja tancaven cert caire d&#039;espectacle. A l&#039;epil\u00e8psia cal sumar l&#039;amena\u00e7a de la s\u00edfilis. Amancio Peratoner i el seu Mal de Venus, van encoratjar una sifilisf\u00f2bia que va portar al sorgiment de milers de cl\u00edniques, com la del doctor Abreu. El cartell de la seva cl\u00ednica va ser obra de Ram\u00f3n Casas, i hi dona una dona extremadament prima ofereix una flor blanca, s\u00edmbol de la s\u00edfilis. Pel mant\u00f3 repta una serp en forma de S. El missatge \u00e9s clar: l&#039;amena\u00e7a t\u00e9 forma de dona.<\/span><span data-ccp-props=\"{&quot;134233117&quot;:false,&quot;134233118&quot;:false,&quot;201341983&quot;:0,&quot;335551550&quot;:1,&quot;335551620&quot;:1,&quot;335559685&quot;:0,&quot;335559737&quot;:0,&quot;335559738&quot;:0,&quot;335559739&quot;:160,&quot;335559740&quot;:276}\">\u00a0<\/span><\/p>\n<div id=\"attachment_3529\" style=\"width: 924px\" class=\"wp-caption aligncenter\"><img loading=\"lazy\" decoding=\"async\" aria-describedby=\"caption-attachment-3529\" class=\"size-full wp-image-3529\" src=\"https:\/\/delfiramos.com\/wp-content\/uploads\/Cartel-Sifilis-Ramon-Casas-scaled.webp\" alt=\"\" width=\"914\" height=\"2048\" srcset=\"https:\/\/delfiramos.com\/wp-content\/uploads\/Cartel-Sifilis-Ramon-Casas-scaled.webp 914w, https:\/\/delfiramos.com\/wp-content\/uploads\/Cartel-Sifilis-Ramon-Casas-134x300.webp 134w, https:\/\/delfiramos.com\/wp-content\/uploads\/Cartel-Sifilis-Ramon-Casas-460x1030.webp 460w, https:\/\/delfiramos.com\/wp-content\/uploads\/Cartel-Sifilis-Ramon-Casas-768x1721.webp 768w, https:\/\/delfiramos.com\/wp-content\/uploads\/Cartel-Sifilis-Ramon-Casas-686x1536.webp 686w, https:\/\/delfiramos.com\/wp-content\/uploads\/Cartel-Sifilis-Ramon-Casas-5x12.webp 5w, https:\/\/delfiramos.com\/wp-content\/uploads\/Cartel-Sifilis-Ramon-Casas-670x1500.webp 670w, https:\/\/delfiramos.com\/wp-content\/uploads\/Cartel-Sifilis-Ramon-Casas-315x705.webp 315w\" sizes=\"auto, (max-width: 914px) 100vw, 914px\" \/><p id=\"caption-attachment-3529\" class=\"wp-caption-text\">Cartell per a la cl\u00ednica del Dr. Abreu, Ram\u00f3n Casas<\/p><\/div>\n<p><span data-contrast=\"none\"><strong>El cuplet va tenir uns comen\u00e7aments molt parisencs i els primers que es van escoltar al nostre pa\u00eds eren traduccions dels cuplets francesos, igual que passava amb les <a href=\"https:\/\/delfiramos.com\/ca\/fmt-la-prensa-sicaliptica-y-los-estudios-sobre-el-comportamiento-sexual\/\" target=\"_blank\" rel=\"noopener\">revistes<\/a>.<\/strong> Sicalipsi i cuplet van viure uns anys d&#039;esplendor en qu\u00e8 les lletres dels cuplets eren molt atrevides, per\u00f2 les cupletistes apareixien sota una innoc\u00e8ncia exagerada, com mostren els cl\u00e0ssics \u201cLa Regadera\u201d, \u201cEl Polichinela\u201d o \u201cLa Clau\u201d. Tamb\u00e9 hi va haver cuplets reivindicatius: \u00abLa bolxevic\u00bb, \u00abLa sindicalista\u00bb, \u00abLa presidenta\u00bb, \u00abLa cencerro\u00bb, \u00abLa xal\u00e0\u00bb, i potser aquesta naturalesa reivindicativa t\u00e9 alguna cosa a veure que siguin els pitjor conservats. <\/span><br \/>\n<span data-contrast=\"none\">Raquel Meller, Julia Fons, La Chelito, Mata Hari, s\u00f3n nom\u00e9s alguns noms de les cupletistes m\u00e9s importants que van omplir les taules Espanyoles. La Fornarina va ser la primera cupletista que va aconseguir fama internacional, i \u00c1lvaro Retama un dels grans creadors del g\u00e8nere fr\u00edvol.<\/span><span data-ccp-props=\"{&quot;134233117&quot;:false,&quot;134233118&quot;:false,&quot;201341983&quot;:0,&quot;335551550&quot;:1,&quot;335551620&quot;:1,&quot;335559685&quot;:0,&quot;335559737&quot;:0,&quot;335559738&quot;:0,&quot;335559739&quot;:160,&quot;335559740&quot;:276}\">\u00a0<\/span><\/p>\n<p><span data-contrast=\"none\">La creaci\u00f3 el 1910 del Comit\u00e8 de Dames, la funci\u00f3 del qual era acabar amb la immoralitat de certs teatres, i el 1911 la Lliga Antipornogr\u00e0fica, juntament amb les intervencions de les corts per tractar de controlar la venda de <a href=\"https:\/\/delfiramos.com\/ca\/fm-galeria-de-fotografia-erotica-modernista\/\" target=\"_blank\" rel=\"noopener\">postals er\u00f2tiques<\/a> o de cupletistes, i les veus de la <a href=\"https:\/\/delfiramos.com\/ca\/fmt-la-prensa-sicaliptica-y-los-estudios-sobre-el-comportamiento-sexual\/\" target=\"_blank\" rel=\"noopener\">premsa m\u00e9s conservadora<\/a> contra el virus de les dones l\u00fabriques, porta el cuplet a una evoluci\u00f3 definitiva cap a l&#039;honorabilitat. Serge Sala\u00fcn considera el cuplet posterior al 1911 ja una mica descafe\u00efnat, sentimentaloide i dram\u00e0tic. \u00c9s m\u00e9s, als cartells que els anunciaven s&#039;hi afegia l&#039;especificaci\u00f3: \u201caltament moral\u201d. <\/span><span data-ccp-props=\"{&quot;134233117&quot;:false,&quot;134233118&quot;:false,&quot;201341983&quot;:0,&quot;335551550&quot;:1,&quot;335551620&quot;:1,&quot;335559685&quot;:0,&quot;335559737&quot;:0,&quot;335559738&quot;:0,&quot;335559739&quot;:160,&quot;335559740&quot;:276}\">\u00a0<\/span><\/p>\n<div id=\"attachment_3530\" style=\"width: 1276px\" class=\"wp-caption aligncenter\"><img loading=\"lazy\" decoding=\"async\" aria-describedby=\"caption-attachment-3530\" class=\"wp-image-3530 size-full\" src=\"https:\/\/delfiramos.com\/wp-content\/uploads\/Julia-Fons-scaled.jpg\" alt=\"\" width=\"1266\" height=\"2048\" srcset=\"https:\/\/delfiramos.com\/wp-content\/uploads\/Julia-Fons-scaled.jpg 1266w, https:\/\/delfiramos.com\/wp-content\/uploads\/Julia-Fons-185x300.jpg 185w, https:\/\/delfiramos.com\/wp-content\/uploads\/Julia-Fons-637x1030.jpg 637w, https:\/\/delfiramos.com\/wp-content\/uploads\/Julia-Fons-768x1242.jpg 768w, https:\/\/delfiramos.com\/wp-content\/uploads\/Julia-Fons-949x1536.jpg 949w, https:\/\/delfiramos.com\/wp-content\/uploads\/Julia-Fons-7x12.jpg 7w, https:\/\/delfiramos.com\/wp-content\/uploads\/Julia-Fons-927x1500.jpg 927w, https:\/\/delfiramos.com\/wp-content\/uploads\/Julia-Fons-436x705.jpg 436w\" sizes=\"auto, (max-width: 1266px) 100vw, 1266px\" \/><p id=\"caption-attachment-3530\" class=\"wp-caption-text\">Julia Fons<\/p><\/div>\n<div id=\"attachment_3531\" style=\"width: 1288px\" class=\"wp-caption aligncenter\"><img loading=\"lazy\" decoding=\"async\" aria-describedby=\"caption-attachment-3531\" class=\"wp-image-3531 size-full\" src=\"https:\/\/delfiramos.com\/wp-content\/uploads\/La-Chelito-scaled.jpg\" alt=\"\" width=\"1278\" height=\"2048\" srcset=\"https:\/\/delfiramos.com\/wp-content\/uploads\/La-Chelito-scaled.jpg 1278w, https:\/\/delfiramos.com\/wp-content\/uploads\/La-Chelito-187x300.jpg 187w, https:\/\/delfiramos.com\/wp-content\/uploads\/La-Chelito-643x1030.jpg 643w, https:\/\/delfiramos.com\/wp-content\/uploads\/La-Chelito-768x1230.jpg 768w, https:\/\/delfiramos.com\/wp-content\/uploads\/La-Chelito-959x1536.jpg 959w, https:\/\/delfiramos.com\/wp-content\/uploads\/La-Chelito-7x12.jpg 7w, https:\/\/delfiramos.com\/wp-content\/uploads\/La-Chelito-936x1500.jpg 936w, https:\/\/delfiramos.com\/wp-content\/uploads\/La-Chelito-440x705.jpg 440w\" sizes=\"auto, (max-width: 1278px) 100vw, 1278px\" \/><p id=\"caption-attachment-3531\" class=\"wp-caption-text\">La Chelito<\/p><\/div>\n<div id=\"attachment_3532\" style=\"width: 1323px\" class=\"wp-caption aligncenter\"><img loading=\"lazy\" decoding=\"async\" aria-describedby=\"caption-attachment-3532\" class=\"wp-image-3532 size-full\" src=\"https:\/\/delfiramos.com\/wp-content\/uploads\/La-Fornarina-scaled.jpg\" alt=\"\" width=\"1313\" height=\"2048\" srcset=\"https:\/\/delfiramos.com\/wp-content\/uploads\/La-Fornarina-scaled.jpg 1313w, https:\/\/delfiramos.com\/wp-content\/uploads\/La-Fornarina-192x300.jpg 192w, https:\/\/delfiramos.com\/wp-content\/uploads\/La-Fornarina-660x1030.jpg 660w, https:\/\/delfiramos.com\/wp-content\/uploads\/La-Fornarina-768x1198.jpg 768w, https:\/\/delfiramos.com\/wp-content\/uploads\/La-Fornarina-985x1536.jpg 985w, https:\/\/delfiramos.com\/wp-content\/uploads\/La-Fornarina-8x12.jpg 8w, https:\/\/delfiramos.com\/wp-content\/uploads\/La-Fornarina-962x1500.jpg 962w, https:\/\/delfiramos.com\/wp-content\/uploads\/La-Fornarina-452x705.jpg 452w\" sizes=\"auto, (max-width: 1313px) 100vw, 1313px\" \/><p id=\"caption-attachment-3532\" class=\"wp-caption-text\">La Fornarina<\/p><\/div>\n<div id=\"attachment_3534\" style=\"width: 1421px\" class=\"wp-caption aligncenter\"><img loading=\"lazy\" decoding=\"async\" aria-describedby=\"caption-attachment-3534\" class=\"wp-image-3534 size-full\" src=\"https:\/\/delfiramos.com\/wp-content\/uploads\/Raquel-Meller-scaled.jpg\" alt=\"\" width=\"1411\" height=\"2048\" srcset=\"https:\/\/delfiramos.com\/wp-content\/uploads\/Raquel-Meller-scaled.jpg 1411w, https:\/\/delfiramos.com\/wp-content\/uploads\/Raquel-Meller-207x300.jpg 207w, https:\/\/delfiramos.com\/wp-content\/uploads\/Raquel-Meller-710x1030.jpg 710w, https:\/\/delfiramos.com\/wp-content\/uploads\/Raquel-Meller-768x1115.jpg 768w, https:\/\/delfiramos.com\/wp-content\/uploads\/Raquel-Meller-1058x1536.jpg 1058w, https:\/\/delfiramos.com\/wp-content\/uploads\/Raquel-Meller-8x12.jpg 8w, https:\/\/delfiramos.com\/wp-content\/uploads\/Raquel-Meller-1033x1500.jpg 1033w, https:\/\/delfiramos.com\/wp-content\/uploads\/Raquel-Meller-486x705.jpg 486w\" sizes=\"auto, (max-width: 1411px) 100vw, 1411px\" \/><p id=\"caption-attachment-3534\" class=\"wp-caption-text\">Raquel Meller<\/p><\/div>\n<div class='avia-iframe-wrap'><iframe loading=\"lazy\" title=\"La Alegre Trompeter\u00eda - Cupl\u00e9 de la Regadera \u2018Tengo un jard\u00edn en mi casa\u2019 (1908) - Mar\u00eda Conesa\" width=\"1500\" height=\"844\" src=\"https:\/\/www.youtube.com\/embed\/Itb3eQzG1qY?feature=oembed\" frameborder=\"0\" allow=\"accelerometer; autoplay; clipboard-write; encrypted-media; gyroscope; picture-in-picture; web-share\" referrerpolicy=\"strict-origin-when-cross-origin\" allowfullscreen><\/iframe><\/div>\n<div class='avia-iframe-wrap'><iframe loading=\"lazy\" title=\"La Fornarina - El Polichinela (1913?)\" width=\"1333\" height=\"1000\" src=\"https:\/\/www.youtube.com\/embed\/lD_apk9ucV0?feature=oembed\" frameborder=\"0\" allow=\"accelerometer; autoplay; clipboard-write; encrypted-media; gyroscope; picture-in-picture; web-share\" referrerpolicy=\"strict-origin-when-cross-origin\" allowfullscreen><\/iframe><\/div>","protected":false},"excerpt":{"rendered":"<p>Si bien la palabra sicalipsis ya estaba plenamente arraigada en nuestro idioma hacia 1907, su origen es incierto y han aparecido diferentes leyendas sobre su posible etimolog\u00eda, que es escurridiza, igual que la definici\u00f3n del cupl\u00e9. Es imposible hablar de sicalipsis sin hablar del cupl\u00e9, y, como ocurre con la sicalipsis, se hace muy complicado [&hellip;]<\/p>","protected":false},"author":5,"featured_media":3538,"comment_status":"closed","ping_status":"closed","sticky":false,"template":"","format":"standard","meta":{"_joinchat":[],"footnotes":""},"categories":[36],"tags":[],"class_list":["post-3527","post","type-post","status-publish","format-standard","has-post-thumbnail","hentry","category-sexologia"],"yoast_head":"<!-- This site is optimized with the Yoast SEO plugin v25.2 - https:\/\/yoast.com\/wordpress\/plugins\/seo\/ -->\n<title>FMT 6: Sobre el origen de la sicalipsis y el cupl\u00e9 &#183; Delfi Ramos<\/title>\n<meta name=\"robots\" content=\"index, follow, max-snippet:-1, max-image-preview:large, max-video-preview:-1\" \/>\n<link rel=\"canonical\" href=\"https:\/\/delfiramos.com\/ca\/fmt-6-sobre-el-origen-de-la-sicalipsis-y-el-cuple\/\" \/>\n<meta property=\"og:locale\" content=\"ca_ES\" \/>\n<meta property=\"og:type\" content=\"article\" \/>\n<meta property=\"og:title\" content=\"FMT 6: Sobre el origen de la sicalipsis y el cupl\u00e9 &#183; Delfi Ramos\" \/>\n<meta property=\"og:description\" content=\"Si bien la palabra sicalipsis ya estaba plenamente arraigada en nuestro idioma hacia 1907, su origen es incierto y han aparecido diferentes leyendas sobre su posible etimolog\u00eda, que es escurridiza, igual que la definici\u00f3n del cupl\u00e9. Es imposible hablar de sicalipsis sin hablar del cupl\u00e9, y, como ocurre con la sicalipsis, se hace muy complicado [&hellip;]\" \/>\n<meta property=\"og:url\" content=\"https:\/\/delfiramos.com\/ca\/fmt-6-sobre-el-origen-de-la-sicalipsis-y-el-cuple\/\" \/>\n<meta property=\"og:site_name\" content=\"Delfi Ramos\" \/>\n<meta property=\"article:published_time\" content=\"2025-05-05T00:43:15+00:00\" \/>\n<meta property=\"article:modified_time\" content=\"2025-05-07T08:30:05+00:00\" \/>\n<meta property=\"og:image\" content=\"https:\/\/delfiramos.com\/wp-content\/uploads\/Bella-Chelito.jpg\" \/>\n\t<meta property=\"og:image:width\" content=\"1960\" \/>\n\t<meta property=\"og:image:height\" content=\"1977\" \/>\n\t<meta property=\"og:image:type\" content=\"image\/jpeg\" \/>\n<meta name=\"author\" content=\"Delfi Ramos\" \/>\n<meta name=\"twitter:card\" content=\"summary_large_image\" \/>\n<meta name=\"twitter:label1\" content=\"Escrit per\" \/>\n\t<meta name=\"twitter:data1\" content=\"Delfi Ramos\" \/>\n\t<meta name=\"twitter:label2\" content=\"Temps estimat de lectura\" \/>\n\t<meta name=\"twitter:data2\" content=\"6 minuts\" \/>\n<script type=\"application\/ld+json\" class=\"yoast-schema-graph\">{\"@context\":\"https:\/\/schema.org\",\"@graph\":[{\"@type\":\"Article\",\"@id\":\"https:\/\/delfiramos.com\/fmt-6-sobre-el-origen-de-la-sicalipsis-y-el-cuple\/#article\",\"isPartOf\":{\"@id\":\"https:\/\/delfiramos.com\/fmt-6-sobre-el-origen-de-la-sicalipsis-y-el-cuple\/\"},\"author\":{\"name\":\"Delfi Ramos\",\"@id\":\"https:\/\/delfiramos.com\/#\/schema\/person\/3b9dc9c684235188d03b71fcda7ba40c\"},\"headline\":\"FMT 6: Sobre el origen de la sicalipsis y el cupl\u00e9\",\"datePublished\":\"2025-05-05T00:43:15+00:00\",\"dateModified\":\"2025-05-07T08:30:05+00:00\",\"mainEntityOfPage\":{\"@id\":\"https:\/\/delfiramos.com\/fmt-6-sobre-el-origen-de-la-sicalipsis-y-el-cuple\/\"},\"wordCount\":1212,\"publisher\":{\"@id\":\"https:\/\/delfiramos.com\/#\/schema\/person\/3b9dc9c684235188d03b71fcda7ba40c\"},\"image\":{\"@id\":\"https:\/\/delfiramos.com\/fmt-6-sobre-el-origen-de-la-sicalipsis-y-el-cuple\/#primaryimage\"},\"thumbnailUrl\":\"https:\/\/delfiramos.com\/wp-content\/uploads\/Bella-Chelito.jpg\",\"articleSection\":[\"Sexolog\u00eda\"],\"inLanguage\":\"ca\"},{\"@type\":\"WebPage\",\"@id\":\"https:\/\/delfiramos.com\/fmt-6-sobre-el-origen-de-la-sicalipsis-y-el-cuple\/\",\"url\":\"https:\/\/delfiramos.com\/fmt-6-sobre-el-origen-de-la-sicalipsis-y-el-cuple\/\",\"name\":\"FMT 6: Sobre el origen de la sicalipsis y el cupl\u00e9 &#183; Delfi Ramos\",\"isPartOf\":{\"@id\":\"https:\/\/delfiramos.com\/#website\"},\"primaryImageOfPage\":{\"@id\":\"https:\/\/delfiramos.com\/fmt-6-sobre-el-origen-de-la-sicalipsis-y-el-cuple\/#primaryimage\"},\"image\":{\"@id\":\"https:\/\/delfiramos.com\/fmt-6-sobre-el-origen-de-la-sicalipsis-y-el-cuple\/#primaryimage\"},\"thumbnailUrl\":\"https:\/\/delfiramos.com\/wp-content\/uploads\/Bella-Chelito.jpg\",\"datePublished\":\"2025-05-05T00:43:15+00:00\",\"dateModified\":\"2025-05-07T08:30:05+00:00\",\"breadcrumb\":{\"@id\":\"https:\/\/delfiramos.com\/fmt-6-sobre-el-origen-de-la-sicalipsis-y-el-cuple\/#breadcrumb\"},\"inLanguage\":\"ca\",\"potentialAction\":[{\"@type\":\"ReadAction\",\"target\":[\"https:\/\/delfiramos.com\/fmt-6-sobre-el-origen-de-la-sicalipsis-y-el-cuple\/\"]}]},{\"@type\":\"ImageObject\",\"inLanguage\":\"ca\",\"@id\":\"https:\/\/delfiramos.com\/fmt-6-sobre-el-origen-de-la-sicalipsis-y-el-cuple\/#primaryimage\",\"url\":\"https:\/\/delfiramos.com\/wp-content\/uploads\/Bella-Chelito.jpg\",\"contentUrl\":\"https:\/\/delfiramos.com\/wp-content\/uploads\/Bella-Chelito.jpg\",\"width\":1960,\"height\":1977,\"caption\":\"Bella Chelito\"},{\"@type\":\"BreadcrumbList\",\"@id\":\"https:\/\/delfiramos.com\/fmt-6-sobre-el-origen-de-la-sicalipsis-y-el-cuple\/#breadcrumb\",\"itemListElement\":[{\"@type\":\"ListItem\",\"position\":1,\"name\":\"Inicio\",\"item\":\"https:\/\/delfiramos.com\/inicio\/\"},{\"@type\":\"ListItem\",\"position\":2,\"name\":\"FMT 6: Sobre el origen de la sicalipsis y el cupl\u00e9\"}]},{\"@type\":\"WebSite\",\"@id\":\"https:\/\/delfiramos.com\/#website\",\"url\":\"https:\/\/delfiramos.com\/\",\"name\":\"Delfi Ramos\",\"description\":\"Psic\u00f3loga Sanitaria y Sex\u00f3loga \u00b7 M\u00e1ster en An\u00e1lisis Funcional en Contextos Cl\u00ednicos y de la Salud \u00b7 M\u00e1ster en Intervenci\u00f3n en Trastornos Psicol\u00f3gicos en Infancia y Adolescencia\",\"publisher\":{\"@id\":\"https:\/\/delfiramos.com\/#\/schema\/person\/3b9dc9c684235188d03b71fcda7ba40c\"},\"alternateName\":\"Sex\u00f3loga y Psic\u00f3loga Sanitaria\",\"potentialAction\":[{\"@type\":\"SearchAction\",\"target\":{\"@type\":\"EntryPoint\",\"urlTemplate\":\"https:\/\/delfiramos.com\/?s={search_term_string}\"},\"query-input\":{\"@type\":\"PropertyValueSpecification\",\"valueRequired\":true,\"valueName\":\"search_term_string\"}}],\"inLanguage\":\"ca\"},{\"@type\":[\"Person\",\"Organization\"],\"@id\":\"https:\/\/delfiramos.com\/#\/schema\/person\/3b9dc9c684235188d03b71fcda7ba40c\",\"name\":\"Delfi Ramos\",\"logo\":{\"@id\":\"https:\/\/delfiramos.com\/#\/schema\/person\/image\/\"},\"sameAs\":[\"https:\/\/delfiramos.com\/\"],\"url\":\"https:\/\/delfiramos.com\/ca\/author\/delfi-ramos\/\"}]}<\/script>\n<!-- \/ Yoast SEO plugin. -->","yoast_head_json":{"title":"FMT 6: Sobre el origen de la sicalipsis y el cupl\u00e9 &#183; Delfi Ramos","robots":{"index":"index","follow":"follow","max-snippet":"max-snippet:-1","max-image-preview":"max-image-preview:large","max-video-preview":"max-video-preview:-1"},"canonical":"https:\/\/delfiramos.com\/ca\/fmt-6-sobre-el-origen-de-la-sicalipsis-y-el-cuple\/","og_locale":"ca_ES","og_type":"article","og_title":"FMT 6: Sobre el origen de la sicalipsis y el cupl\u00e9 &#183; Delfi Ramos","og_description":"Si bien la palabra sicalipsis ya estaba plenamente arraigada en nuestro idioma hacia 1907, su origen es incierto y han aparecido diferentes leyendas sobre su posible etimolog\u00eda, que es escurridiza, igual que la definici\u00f3n del cupl\u00e9. Es imposible hablar de sicalipsis sin hablar del cupl\u00e9, y, como ocurre con la sicalipsis, se hace muy complicado [&hellip;]","og_url":"https:\/\/delfiramos.com\/ca\/fmt-6-sobre-el-origen-de-la-sicalipsis-y-el-cuple\/","og_site_name":"Delfi Ramos","article_published_time":"2025-05-05T00:43:15+00:00","article_modified_time":"2025-05-07T08:30:05+00:00","og_image":[{"width":1960,"height":1977,"url":"https:\/\/delfiramos.com\/wp-content\/uploads\/Bella-Chelito.jpg","type":"image\/jpeg"}],"author":"Delfi Ramos","twitter_card":"summary_large_image","twitter_misc":{"Escrit per":"Delfi Ramos","Temps estimat de lectura":"6 minuts"},"schema":{"@context":"https:\/\/schema.org","@graph":[{"@type":"Article","@id":"https:\/\/delfiramos.com\/fmt-6-sobre-el-origen-de-la-sicalipsis-y-el-cuple\/#article","isPartOf":{"@id":"https:\/\/delfiramos.com\/fmt-6-sobre-el-origen-de-la-sicalipsis-y-el-cuple\/"},"author":{"name":"Delfi Ramos","@id":"https:\/\/delfiramos.com\/#\/schema\/person\/3b9dc9c684235188d03b71fcda7ba40c"},"headline":"FMT 6: Sobre el origen de la sicalipsis y el cupl\u00e9","datePublished":"2025-05-05T00:43:15+00:00","dateModified":"2025-05-07T08:30:05+00:00","mainEntityOfPage":{"@id":"https:\/\/delfiramos.com\/fmt-6-sobre-el-origen-de-la-sicalipsis-y-el-cuple\/"},"wordCount":1212,"publisher":{"@id":"https:\/\/delfiramos.com\/#\/schema\/person\/3b9dc9c684235188d03b71fcda7ba40c"},"image":{"@id":"https:\/\/delfiramos.com\/fmt-6-sobre-el-origen-de-la-sicalipsis-y-el-cuple\/#primaryimage"},"thumbnailUrl":"https:\/\/delfiramos.com\/wp-content\/uploads\/Bella-Chelito.jpg","articleSection":["Sexolog\u00eda"],"inLanguage":"ca"},{"@type":"WebPage","@id":"https:\/\/delfiramos.com\/fmt-6-sobre-el-origen-de-la-sicalipsis-y-el-cuple\/","url":"https:\/\/delfiramos.com\/fmt-6-sobre-el-origen-de-la-sicalipsis-y-el-cuple\/","name":"FMT 6: Sobre el origen de la sicalipsis y el cupl\u00e9 &#183; Delfi Ramos","isPartOf":{"@id":"https:\/\/delfiramos.com\/#website"},"primaryImageOfPage":{"@id":"https:\/\/delfiramos.com\/fmt-6-sobre-el-origen-de-la-sicalipsis-y-el-cuple\/#primaryimage"},"image":{"@id":"https:\/\/delfiramos.com\/fmt-6-sobre-el-origen-de-la-sicalipsis-y-el-cuple\/#primaryimage"},"thumbnailUrl":"https:\/\/delfiramos.com\/wp-content\/uploads\/Bella-Chelito.jpg","datePublished":"2025-05-05T00:43:15+00:00","dateModified":"2025-05-07T08:30:05+00:00","breadcrumb":{"@id":"https:\/\/delfiramos.com\/fmt-6-sobre-el-origen-de-la-sicalipsis-y-el-cuple\/#breadcrumb"},"inLanguage":"ca","potentialAction":[{"@type":"ReadAction","target":["https:\/\/delfiramos.com\/fmt-6-sobre-el-origen-de-la-sicalipsis-y-el-cuple\/"]}]},{"@type":"ImageObject","inLanguage":"ca","@id":"https:\/\/delfiramos.com\/fmt-6-sobre-el-origen-de-la-sicalipsis-y-el-cuple\/#primaryimage","url":"https:\/\/delfiramos.com\/wp-content\/uploads\/Bella-Chelito.jpg","contentUrl":"https:\/\/delfiramos.com\/wp-content\/uploads\/Bella-Chelito.jpg","width":1960,"height":1977,"caption":"Bella Chelito"},{"@type":"BreadcrumbList","@id":"https:\/\/delfiramos.com\/fmt-6-sobre-el-origen-de-la-sicalipsis-y-el-cuple\/#breadcrumb","itemListElement":[{"@type":"ListItem","position":1,"name":"Inicio","item":"https:\/\/delfiramos.com\/inicio\/"},{"@type":"ListItem","position":2,"name":"FMT 6: Sobre el origen de la sicalipsis y el cupl\u00e9"}]},{"@type":"WebSite","@id":"https:\/\/delfiramos.com\/#website","url":"https:\/\/delfiramos.com\/","name":"Delfi Ramos","description":"Psic\u00f3loga Sanitaria y Sex\u00f3loga \u00b7 M\u00e1ster en An\u00e1lisis Funcional en Contextos Cl\u00ednicos y de la Salud \u00b7 M\u00e1ster en Intervenci\u00f3n en Trastornos Psicol\u00f3gicos en Infancia y Adolescencia","publisher":{"@id":"https:\/\/delfiramos.com\/#\/schema\/person\/3b9dc9c684235188d03b71fcda7ba40c"},"alternateName":"Sex\u00f3loga y Psic\u00f3loga Sanitaria","potentialAction":[{"@type":"SearchAction","target":{"@type":"EntryPoint","urlTemplate":"https:\/\/delfiramos.com\/?s={search_term_string}"},"query-input":{"@type":"PropertyValueSpecification","valueRequired":true,"valueName":"search_term_string"}}],"inLanguage":"ca"},{"@type":["Person","Organization"],"@id":"https:\/\/delfiramos.com\/#\/schema\/person\/3b9dc9c684235188d03b71fcda7ba40c","name":"Delfi Ramos","logo":{"@id":"https:\/\/delfiramos.com\/#\/schema\/person\/image\/"},"sameAs":["https:\/\/delfiramos.com\/"],"url":"https:\/\/delfiramos.com\/ca\/author\/delfi-ramos\/"}]}},"_links":{"self":[{"href":"https:\/\/delfiramos.com\/ca\/wp-json\/wp\/v2\/posts\/3527","targetHints":{"allow":["GET"]}}],"collection":[{"href":"https:\/\/delfiramos.com\/ca\/wp-json\/wp\/v2\/posts"}],"about":[{"href":"https:\/\/delfiramos.com\/ca\/wp-json\/wp\/v2\/types\/post"}],"author":[{"embeddable":true,"href":"https:\/\/delfiramos.com\/ca\/wp-json\/wp\/v2\/users\/5"}],"replies":[{"embeddable":true,"href":"https:\/\/delfiramos.com\/ca\/wp-json\/wp\/v2\/comments?post=3527"}],"version-history":[{"count":8,"href":"https:\/\/delfiramos.com\/ca\/wp-json\/wp\/v2\/posts\/3527\/revisions"}],"predecessor-version":[{"id":3578,"href":"https:\/\/delfiramos.com\/ca\/wp-json\/wp\/v2\/posts\/3527\/revisions\/3578"}],"wp:featuredmedia":[{"embeddable":true,"href":"https:\/\/delfiramos.com\/ca\/wp-json\/wp\/v2\/media\/3538"}],"wp:attachment":[{"href":"https:\/\/delfiramos.com\/ca\/wp-json\/wp\/v2\/media?parent=3527"}],"wp:term":[{"taxonomy":"category","embeddable":true,"href":"https:\/\/delfiramos.com\/ca\/wp-json\/wp\/v2\/categories?post=3527"},{"taxonomy":"post_tag","embeddable":true,"href":"https:\/\/delfiramos.com\/ca\/wp-json\/wp\/v2\/tags?post=3527"}],"curies":[{"name":"wp","href":"https:\/\/api.w.org\/{rel}","templated":true}]}}