{"id":3539,"date":"2025-05-05T03:19:03","date_gmt":"2025-05-05T01:19:03","guid":{"rendered":"https:\/\/delfiramos.com\/?p=3539"},"modified":"2025-05-05T08:21:11","modified_gmt":"2025-05-05T06:21:11","slug":"fmt-7-histeria-patologizando-el-deseo-femenino","status":"publish","type":"post","link":"https:\/\/delfiramos.com\/ca\/fmt-7-histeria-patologizando-el-deseo-femenino\/","title":{"rendered":"FMT 7: Hist\u00e8ria: patologitzant el desig femen\u00ed"},"content":{"rendered":"<p><span data-contrast=\"none\">Com hem anat veient al llarg de <a href=\"https:\/\/delfiramos.com\/ca\/fira-modernista-de-terrassa-como-era-la-moral-sexual-en-la-era-modernista\/\" target=\"_blank\" rel=\"noopener\">aquesta s\u00e8rie de publicacions<\/a>, una de les principals caracter\u00edstiques que vertebra l&#039;art i totes les formes d&#039;expressi\u00f3 durant el per\u00edode modernista \u00e9s la tensi\u00f3 entre la nova moral emergent i el model burg\u00e8s. No obstant, potser no hi ha aspecte en qu\u00e8 es plasmi amb m\u00e9s claredat aquesta tensi\u00f3, la doble moral, la imbricada relaci\u00f3 amb el desig, la feminitat, l&#039;art i la censura, que en tot all\u00f2 que envolta la hist\u00e8ria, des de la concepci\u00f3 mateixa del terme, passant pel seu estudi, fins al seu tractament.<\/span> <span data-ccp-props=\"{&quot;134233117&quot;:false,&quot;134233118&quot;:false,&quot;201341983&quot;:0,&quot;335559738&quot;:0,&quot;335559739&quot;:0,&quot;335559740&quot;:276}\">\u00a0<\/span><\/p>\n<p><span data-contrast=\"auto\">L&#039;aparici\u00f3 de nous corrents intel\u00b7lectuals a finals del segle XIX i principis del XX va desafiar les maneres tradicionals d&#039;entendre la ment humana i la realitat. Aquest aspecte ha estat \u00e0mpliament recollit per l&#039;historiador i periodista brit\u00e0nic Peter Watson a \u201c<\/span><i><span data-contrast=\"auto\">Idees. Hist\u00f2ria intel\u00b7lectual de la humanitat\u201d. <\/span><\/i><span data-contrast=\"auto\">Watson assenyala que <\/span><span data-contrast=\"auto\">el descobriment de l&#039;inconscient no nom\u00e9s va revolucionar la psicologia, sin\u00f3 que va tenir un impacte significatiu a la literatura, l&#039;art i la filosofia. Figures com Sigmund Freud van proposar que part de l&#039;activitat mental t\u00e9 lloc m\u00e9s enll\u00e0 de la consci\u00e8ncia, i introdueixen conceptes com la repressi\u00f3 i els somnis com a manifestacions de desitjos ocults.\u00a0<\/span><span data-ccp-props=\"{&quot;134233117&quot;:false,&quot;134233118&quot;:false,&quot;201341983&quot;:0,&quot;335559738&quot;:240,&quot;335559739&quot;:240,&quot;335559740&quot;:276}\">\u00a0<\/span><\/p>\n<p><span data-contrast=\"auto\">Aquest nou enfocament va tenir un reflex en el moviment cultural modernista, des del qual es va comen\u00e7ar a explorar la complexitat de la ment humana, el m\u00f3n interior subjectiu i l&#039;experi\u00e8ncia fragmentada, en contraposici\u00f3 amb les estructures racionals i objectives que havien prevalgut en la tradici\u00f3 intel\u00b7lectual occidental fins aleshores.<\/span><span data-ccp-props=\"{&quot;134233117&quot;:false,&quot;134233118&quot;:false,&quot;201341983&quot;:0,&quot;335559738&quot;:240,&quot;335559739&quot;:240,&quot;335559740&quot;:276}\">\u00a0<\/span><\/p>\n<p><span data-contrast=\"none\">Al seu assaig \u201cEstudis sobre la hist\u00e8ria\u201d de 1895, Freud aprofundeix en l&#039;an\u00e0lisi de l&#039;inconscient i la seva connexi\u00f3 amb certs s\u00edmptomes emocionals que atribueix principalment a les dones. L&#039;associaci\u00f3 de la hist\u00e8ria a all\u00f2 femen\u00ed procedeix de l&#039;antiguitat. El terme grec <\/span><span data-contrast=\"auto\">\u00abhystera\u00bb (\u1f51\u03c3\u03c4\u03ad\u03c1\u03b1), que significa \u00fater, ja va ser utilitzat per Hip\u00f2crates (segle V aC) per referir-se a un grup de trastorns exclusius de les dones.<\/span><span data-contrast=\"none\">\u00a0Freud recupera aquesta noci\u00f3, aconseguint un profund calat a nivell cultural les seves tesis pel que fa a aquesta associaci\u00f3 de la hist\u00e8ria amb all\u00f2 femen\u00ed. La majoria dels casos d&#039;hist\u00e8ria que tractaven Freud i Breuer eren dones, i <strong>van desenvolupar la concepci\u00f3 que els s\u00edmptomes hist\u00e8rics tenien el seu origen en conflictes sexuals reprimits.<\/strong> Freud entenia la feminitat vinculada a la depend\u00e8ncia ia la maternitat, i tamb\u00e9 a la passivitat, per la qual cosa <strong>creia que les dones eren m\u00e9s propenses a reprimir aquests impulsos i, per tant, a desenvolupar s\u00edmptomes hist\u00e8rics i diferents formes de neurosi.<\/strong> Aix\u00ed, la hist\u00e8ria \u00e9s moltes vegades interpretada en relaci\u00f3 amb desitjos no resolts de maternitat, amor o reconeixement.<\/span><span data-ccp-props=\"{&quot;134233117&quot;:false,&quot;134233118&quot;:false,&quot;201341983&quot;:0,&quot;335559738&quot;:0,&quot;335559739&quot;:0,&quot;335559740&quot;:276}\">\u00a0<\/span><\/p>\n<p><span data-contrast=\"none\">Per a moltes autores feministes, aquesta visi\u00f3 est\u00e0 carregada de prejudicis sexistes i patriarcals. Encara que es reconeix <\/span><span data-contrast=\"auto\">la utilitat de la psicoan\u00e0lisi per explorar la subjectivitat,<\/span><span data-contrast=\"none\"> els s\u00edmptomes femenins s&#039;han interpretat des d&#039;una perspectiva masculina, sense tenir en compte el context social i opressiu en qu\u00e8 han viscut durant molts anys les dones. <\/span><span data-contrast=\"auto\">La visi\u00f3 fal\u00b7loc\u00e8ntrica de Freud segons la qual la sexualitat femenina es defineix per l&#039;\u00abenveja del penis\u00bb redueix la dona a un \u00e9sser incomplet. A m\u00e9s, la noci\u00f3 de la passivitat com a tret essencial de la sexualitat femenina no \u00e9s una veritat natural, sin\u00f3 un <strong>reduccionisme que no t\u00e9 en compte que aquesta passivitat pugui ser conseq\u00fc\u00e8ncia de la repressi\u00f3 a qu\u00e8 s&#039;han vist sotmeses les dones.<\/strong><\/span><strong>\u00a0<\/strong><\/p>\n<p><span data-contrast=\"auto\">En aquest sentit, a \u201cEl Segon sexe\u201d Simone de Beauvoir assenyala: <em>&quot;S&#039;ha pret\u00e8s explicar el dest\u00ed femen\u00ed per l&#039;estructura de l&#039;aparell genital; per\u00f2 en realitat l&#039;aparell genital t\u00e9 una estructura determinada en funci\u00f3 d&#039;aquest dest\u00ed. [\u2026] Freud, Adler, Jung, com tots els psicoanalistes, han subestimat la influ\u00e8ncia del context social: han volgut trobar en la dona una naturalesa fixa quan, en realitat, \u00e9s producte de la seva hist\u00f2ria. La neurosi, \u00e9s la respostes, sovint imposades, a una situaci\u00f3 d&#039;opressi\u00f3.\u201d<\/em><\/span><em>\u00a0<\/em><\/p>\n<p><span data-contrast=\"auto\">L&#039;abordatge psicoanal\u00edtic de la hist\u00e8ria inclo\u00efa m\u00e8todes com l&#039;associaci\u00f3 lliure, la interpretaci\u00f3 dels somnis, la catarsi o la hipnosi. L&#039;interessant \u00e9s que juntament amb els m\u00e8todes psicoanal\u00edtics sovint es recorria a certes pr\u00e0ctiques m\u00e8diques com el rep\u00f2s extrem, els banys d&#039;aigua freda, l&#039;electroter\u00e0pia o els massatges p\u00e8lvics. <strong>Aquests massatges buscaven induir el que es va anomenar \u201cparoxismes hist\u00e8rics\u201d (que no eren res m\u00e9s que orgasmes) per alleujar la congesti\u00f3 p\u00e8lvica que suposadament estava provocant la hist\u00e8ria.<\/strong> Eren els metges qui procuraven els massatges a les pacients, de vegades manualment, d&#039;altres a trav\u00e9s de determinats \u201cdispositius mec\u00e0nics\u201d, i m\u00e9s endavant mitjan\u00e7ant dispositius millorats per facilitar la feina al metge. D&#039;aquesta manera va n\u00e9ixer el primer vibrador modern: per a la comoditat del metge que tracta una malalta de plaer i desig.<\/span><span data-ccp-props=\"{&quot;134233117&quot;:false,&quot;134233118&quot;:false,&quot;201341983&quot;:0,&quot;335551550&quot;:1,&quot;335551620&quot;:1,&quot;335559685&quot;:0,&quot;335559737&quot;:0,&quot;335559738&quot;:240,&quot;335559739&quot;:240,&quot;335559740&quot;:276}\">\u00a0<\/span><\/p>\n<div id=\"attachment_3541\" style=\"width: 484px\" class=\"wp-caption aligncenter\"><img loading=\"lazy\" decoding=\"async\" aria-describedby=\"caption-attachment-3541\" class=\"size-full wp-image-3541\" src=\"https:\/\/delfiramos.com\/wp-content\/uploads\/Tratamiento-histeria.jpg\" alt=\"\" width=\"474\" height=\"315\" srcset=\"https:\/\/delfiramos.com\/wp-content\/uploads\/Tratamiento-histeria.jpg 474w, https:\/\/delfiramos.com\/wp-content\/uploads\/Tratamiento-histeria-300x199.jpg 300w, https:\/\/delfiramos.com\/wp-content\/uploads\/Tratamiento-histeria-18x12.jpg 18w\" sizes=\"auto, (max-width: 474px) 100vw, 474px\" \/><p id=\"caption-attachment-3541\" class=\"wp-caption-text\">Tractament de la hist\u00e8ria<\/p><\/div>\n<p><span data-contrast=\"none\">El neur\u00f2leg franc\u00e8s Jean Martin Charcot a principis del S.XX, promocionat pel govern franc\u00e8s, va crear tot un cat\u00e0leg fotogr\u00e0fic sobre la hist\u00e8ria a les seves famoses vetllades a l&#039;Hospital de la Salp\u00eatri\u00e8re de Par\u00eds. S&#039;hi indu\u00efen mitjan\u00e7ant hipnosis atacs epil\u00e8ptics i hist\u00e8rics a les pacients, que competien per veure qui aconseguia les raneres i contorsions m\u00e9s exagerades. Se sabien espectacle, se sabien ateses, se sabien vistes, encara que fos malaltes. El quadre \u201cUna lli\u00e7\u00f3 cl\u00ednica a la Salp\u00eatri\u00e8re\u201d d&#039;Andr\u00e9 Brouillet representa molt b\u00e9 una d&#039;aquestes sessions en qu\u00e8 Charcot tracta el pacient Blanche Wittman. Va ser a trav\u00e9s d&#039;aquelles vetllades obertes al p\u00fablic de les elits culturals i cient\u00edfiques on all\u00f2 marginal, all\u00f2 que quedava fora de tota l\u00f2gica racional, apareixia estudiat i classificat, i d&#039;aqu\u00ed passa una transfer\u00e8ncia de l&#039;est\u00e8tica retratada a l&#039;espectacle, al cabaret, la hist\u00e8ria es converteix en un espectacle i l&#039;espectacle en hist\u00e8ria. A les noves cantants que recullen l&#039;est\u00e8tica retratada a les sessions de Charcot se&#039;ls va anomenar \u201cepil\u00e8ptiques\u201d, \u201cagitades\u201d o \u201cgommeuses\u201d, van ser les primeres estrelles dels espectacles de masses, i donen sentit a l&#039;invent de la paraula <a href=\"https:\/\/delfiramos.com\/ca\/fmt-6-sobre-el-origen-de-la-sicalipsis-y-el-cuple\/\" target=\"_blank\" rel=\"noopener\">sicalipsi<\/a>.<\/span><span data-ccp-props=\"{&quot;134233117&quot;:false,&quot;134233118&quot;:false,&quot;201341983&quot;:0,&quot;335559738&quot;:0,&quot;335559739&quot;:0,&quot;335559740&quot;:276}\">\u00a0<\/span><\/p>\n<div id=\"attachment_3546\" style=\"width: 1305px\" class=\"wp-caption aligncenter\"><img loading=\"lazy\" decoding=\"async\" aria-describedby=\"caption-attachment-3546\" class=\"wp-image-3546 size-full\" src=\"https:\/\/delfiramos.com\/wp-content\/uploads\/Epilepsia-scaled.jpg\" alt=\"\" width=\"1295\" height=\"2048\" srcset=\"https:\/\/delfiramos.com\/wp-content\/uploads\/Epilepsia-scaled.jpg 1295w, https:\/\/delfiramos.com\/wp-content\/uploads\/Epilepsia-190x300.jpg 190w, https:\/\/delfiramos.com\/wp-content\/uploads\/Epilepsia-651x1030.jpg 651w, https:\/\/delfiramos.com\/wp-content\/uploads\/Epilepsia-768x1215.jpg 768w, https:\/\/delfiramos.com\/wp-content\/uploads\/Epilepsia-971x1536.jpg 971w, https:\/\/delfiramos.com\/wp-content\/uploads\/Epilepsia-8x12.jpg 8w, https:\/\/delfiramos.com\/wp-content\/uploads\/Epilepsia-948x1500.jpg 948w, https:\/\/delfiramos.com\/wp-content\/uploads\/Epilepsia-446x705.jpg 446w\" sizes=\"auto, (max-width: 1295px) 100vw, 1295px\" \/><p id=\"caption-attachment-3546\" class=\"wp-caption-text\">\u00abInvention of Hysteria: Charcot and the Photographic Iconography of the Salp\u00eatri\u00e8re\u00bb, Epil\u00e8psia<\/p><\/div>\n<div id=\"attachment_3545\" style=\"width: 1351px\" class=\"wp-caption alignnone\"><img loading=\"lazy\" decoding=\"async\" aria-describedby=\"caption-attachment-3545\" class=\"size-full wp-image-3545\" src=\"https:\/\/delfiramos.com\/wp-content\/uploads\/Ataque-de-histeria-scaled.jpg\" alt=\"\" width=\"1341\" height=\"2048\" srcset=\"https:\/\/delfiramos.com\/wp-content\/uploads\/Ataque-de-histeria-scaled.jpg 1341w, https:\/\/delfiramos.com\/wp-content\/uploads\/Ataque-de-histeria-196x300.jpg 196w, https:\/\/delfiramos.com\/wp-content\/uploads\/Ataque-de-histeria-675x1030.jpg 675w, https:\/\/delfiramos.com\/wp-content\/uploads\/Ataque-de-histeria-768x1173.jpg 768w, https:\/\/delfiramos.com\/wp-content\/uploads\/Ataque-de-histeria-1006x1536.jpg 1006w, https:\/\/delfiramos.com\/wp-content\/uploads\/Ataque-de-histeria-8x12.jpg 8w, https:\/\/delfiramos.com\/wp-content\/uploads\/Ataque-de-histeria-982x1500.jpg 982w, https:\/\/delfiramos.com\/wp-content\/uploads\/Ataque-de-histeria-462x705.jpg 462w\" sizes=\"auto, (max-width: 1341px) 100vw, 1341px\" \/><p id=\"caption-attachment-3545\" class=\"wp-caption-text\">\u00abInvention of Hysteria: Charcot and the Photographic Iconography of the Salp\u00eatri\u00e8re\u00bb, Histeria<\/p><\/div>\n<p><span data-contrast=\"none\">Per a elles, i potser tamb\u00e9 per a les malaltes, imitar atacs epil\u00e8ptics els serveix com a excusa per prescindir de tota racionalitat, alliberar el cos i portar-lo fins als l\u00edmits propis. Diu Gloria G. Duran, que el cos es transforma aix\u00ed en el receptacle de dues tensions contraposades, de fascinaci\u00f3 i de repulsi\u00f3. D&#039;una banda, resulten seductores, fascinants, el\u00e0stiques, l\u00fabriques i gomoses per estupefacci\u00f3 d&#039;un p\u00fablic que comen\u00e7ar\u00e0 a descobrir el cos i la seva possibilitat, i que a m\u00e9s a m\u00e9s estava desitj\u00f3s de noves i fortes emocions. Es convertiran en aut\u00e8ntiques institucions nacionals; d&#039;altra banda, el cos en moviment es concep com a altament perill\u00f3s, i si \u00e9s una dona la que balla, se li suposa perduda a causa de la minva a les seves facultats, una minva que li impedeix controlar-se. Esdevenen aix\u00ed una amena\u00e7a total, no nom\u00e9s sexual, no nom\u00e9s corporal, sin\u00f3 completa i directa a les bases de l&#039;estructura social fonamentada en una racionalitat permanent.<\/span><span data-ccp-props=\"{&quot;134233117&quot;:false,&quot;134233118&quot;:false,&quot;201341983&quot;:0,&quot;335559738&quot;:0,&quot;335559739&quot;:0,&quot;335559740&quot;:276}\">\u00a0<\/span><\/p>\n<p><span data-contrast=\"none\">A la dona se li ha perm\u00e8s expressar el desig i l&#039;erotisme a trav\u00e9s de la malaltia, com a objecte d&#039;estudi m\u00e8dic i cient\u00edfic. Ho hem vist amb l&#039;aparici\u00f3 de la <a href=\"https:\/\/delfiramos.com\/ca\/fm-galeria-de-fotografia-erotica-modernista\/\" target=\"_blank\" rel=\"noopener\">fotografia er\u00f2tica<\/a>, convertint el nu en peces d&#039;estudi anat\u00f2mic, tamb\u00e9 en el cas de la <a href=\"https:\/\/delfiramos.com\/ca\/fmt-la-prensa-sicaliptica-y-los-estudios-sobre-el-comportamiento-sexual\/\" target=\"_blank\" rel=\"noopener\">literatura<\/a>, on van proliferar els tractats m\u00e8dics catalogant com a patol\u00f2gics determinats comportaments sexuals, o en la \u00edntima relaci\u00f3 entre la hist\u00e8ria i l&#039;aparici\u00f3 de la <a href=\"https:\/\/delfiramos.com\/ca\/fmt-6-sobre-el-origen-de-la-sicalipsis-y-el-cuple\/\" target=\"_blank\" rel=\"noopener\">sicalipsi i el cuplet<\/a>. El plaer sexual de la dona es medicalitza, el desig es patologitza. Foucault a la seva \u201cHist\u00f2ria de la sexualitat\u201d no va poder definir-ho millor:\u00a0<strong>la repressi\u00f3 sexual com un secret obligat a amagar-se perqu\u00e8 la ci\u00e8ncia ho descobreixi.<\/strong> \u00a0<\/span><span data-ccp-props=\"{&quot;134233117&quot;:false,&quot;134233118&quot;:false,&quot;201341983&quot;:0,&quot;335559738&quot;:0,&quot;335559739&quot;:0,&quot;335559740&quot;:276}\">\u00a0<\/span><\/p>\n<p><span data-contrast=\"none\">La construcci\u00f3 cultural de la sexualitat mitjan\u00e7ant una perspectiva masculina cala fins als nostres dies. Nom\u00e9s cal escoltar les demandes que arriben a la consulta de sexologia o treure el cap a la hist\u00f2ria i <a href=\"https:\/\/delfiramos.com\/ca\/orgasmos-en-dos-minutos-disfuncion-o-reclamo-publicitario\/\" target=\"_blank\" rel=\"noopener\">evoluci\u00f3 de les joguines sexuals<\/a> per confirmar-ho. Encara avui, moltes de les preocupacions sexuals de les dones s\u00f3n un reflex de les dels homes, i la seva exist\u00e8ncia nom\u00e9s t\u00e9 sentit des d&#039;un model de plaer i de desig mascul\u00ed. A m\u00e9s, no va ser fins a finals del segle XX (\u00e9s a dir, abans d&#039;ahir) que no van apar\u00e8ixer els primers <a href=\"https:\/\/delfiramos.com\/ca\/orgasmos-en-dos-minutos-disfuncion-o-reclamo-publicitario\/\" target=\"_blank\" rel=\"noopener\">estimuladors de cl\u00edtoris<\/a>. Fins aquell moment, el dilde hereu de la tradici\u00f3 freudiana s&#039;encarregava b\u00e9 d&#039;assegurar el falocentrisme dominant, col\u00b7locant el cl\u00edtoris com l&#039;etern oblidat i l&#039;orgasme vaginal com el \u201cmadur\u201d en contraposici\u00f3 amb el clitori\u00e0, \u201cinfaltil\u201d o \u201cimmadur\u201d. No tenir en compte un dels \u00f2rgans claus del plaer femen\u00ed a l&#039;hora de confeccionar joguines per al plaer femen\u00ed, \u00e9s equiparable en gravetat a considerar la insatisfacci\u00f3 sexual femenina com a causant de la hist\u00e8ria i altres trastorns neur\u00f2tics.<\/span><span data-ccp-props=\"{&quot;134233117&quot;:false,&quot;134233118&quot;:false,&quot;201341983&quot;:0,&quot;335559738&quot;:0,&quot;335559739&quot;:0,&quot;335559740&quot;:276}\">\u00a0<\/span><\/p>\n<p><span data-contrast=\"none\">Seria interessant recordar que a l&#039;home tampoc no se li ha perm\u00e8s una expressi\u00f3 lliure de les seves emocions i moltes vegades ha estat penalitzat per manifestar all\u00f2 que no encaixa amb el model de masculinitat hegem\u00f2nic, cosa que no fa m\u00e9s que accentuar la dicotomia de g\u00e8nere, per\u00f2 aquest \u00e9s un tema per a un altre debat.<\/span><span data-ccp-props=\"{&quot;134233117&quot;:false,&quot;134233118&quot;:false,&quot;201341983&quot;:0,&quot;335559738&quot;:0,&quot;335559739&quot;:0,&quot;335559740&quot;:276}\">\u00a0<\/span><\/p>\n<p><span data-ccp-props=\"{&quot;134233117&quot;:false,&quot;134233118&quot;:false,&quot;201341983&quot;:0,&quot;335559738&quot;:0,&quot;335559739&quot;:0,&quot;335559740&quot;:276}\">\u00a0<\/span><\/p>\n<p><span data-ccp-props=\"{&quot;134233117&quot;:false,&quot;134233118&quot;:false,&quot;201341983&quot;:0,&quot;335559738&quot;:0,&quot;335559739&quot;:0,&quot;335559740&quot;:276}\">\u00a0<\/span><\/p>","protected":false},"excerpt":{"rendered":"<p>Como hemos ido viendo a lo largo de esta serie de publicaciones, una de las principales caracter\u00edsticas que vertebra el arte y todas sus formas de expresi\u00f3n durante el periodo modernista es la tensi\u00f3n entre la nueva moral emergente y el modelo burgu\u00e9s. Sin embargo, quiz\u00e1s no haya aspecto en el que se plasme con [&hellip;]<\/p>","protected":false},"author":5,"featured_media":3540,"comment_status":"closed","ping_status":"closed","sticky":false,"template":"","format":"standard","meta":{"_joinchat":[],"footnotes":""},"categories":[36],"tags":[],"class_list":["post-3539","post","type-post","status-publish","format-standard","has-post-thumbnail","hentry","category-sexologia"],"yoast_head":"<!-- This site is optimized with the Yoast SEO plugin v25.2 - https:\/\/yoast.com\/wordpress\/plugins\/seo\/ -->\n<title>FMT 7: Histeria: patologizando el deseo femenino &#183; Delfi Ramos<\/title>\n<meta name=\"robots\" content=\"index, follow, max-snippet:-1, max-image-preview:large, max-video-preview:-1\" \/>\n<link rel=\"canonical\" href=\"https:\/\/delfiramos.com\/ca\/fmt-7-histeria-patologizando-el-deseo-femenino\/\" \/>\n<meta property=\"og:locale\" content=\"ca_ES\" \/>\n<meta property=\"og:type\" content=\"article\" \/>\n<meta property=\"og:title\" content=\"FMT 7: Histeria: patologizando el deseo femenino &#183; Delfi Ramos\" \/>\n<meta property=\"og:description\" content=\"Como hemos ido viendo a lo largo de esta serie de publicaciones, una de las principales caracter\u00edsticas que vertebra el arte y todas sus formas de expresi\u00f3n durante el periodo modernista es la tensi\u00f3n entre la nueva moral emergente y el modelo burgu\u00e9s. Sin embargo, quiz\u00e1s no haya aspecto en el que se plasme con [&hellip;]\" \/>\n<meta property=\"og:url\" content=\"https:\/\/delfiramos.com\/ca\/fmt-7-histeria-patologizando-el-deseo-femenino\/\" \/>\n<meta property=\"og:site_name\" content=\"Delfi Ramos\" \/>\n<meta property=\"article:published_time\" content=\"2025-05-05T01:19:03+00:00\" \/>\n<meta property=\"article:modified_time\" content=\"2025-05-05T06:21:11+00:00\" \/>\n<meta property=\"og:image\" content=\"https:\/\/delfiramos.com\/wp-content\/uploads\/Una-leccion-clinica-en-la-Salpetriere-de-Andre-Brouillet.jpg\" \/>\n\t<meta property=\"og:image:width\" content=\"1191\" \/>\n\t<meta property=\"og:image:height\" content=\"758\" \/>\n\t<meta property=\"og:image:type\" content=\"image\/jpeg\" \/>\n<meta name=\"author\" content=\"Delfi Ramos\" \/>\n<meta name=\"twitter:card\" content=\"summary_large_image\" \/>\n<meta name=\"twitter:label1\" content=\"Escrit per\" \/>\n\t<meta name=\"twitter:data1\" content=\"Delfi Ramos\" \/>\n\t<meta name=\"twitter:label2\" content=\"Temps estimat de lectura\" \/>\n\t<meta name=\"twitter:data2\" content=\"8 minuts\" \/>\n<script type=\"application\/ld+json\" class=\"yoast-schema-graph\">{\"@context\":\"https:\/\/schema.org\",\"@graph\":[{\"@type\":\"Article\",\"@id\":\"https:\/\/delfiramos.com\/fmt-7-histeria-patologizando-el-deseo-femenino\/#article\",\"isPartOf\":{\"@id\":\"https:\/\/delfiramos.com\/fmt-7-histeria-patologizando-el-deseo-femenino\/\"},\"author\":{\"name\":\"Delfi Ramos\",\"@id\":\"https:\/\/delfiramos.com\/#\/schema\/person\/3b9dc9c684235188d03b71fcda7ba40c\"},\"headline\":\"FMT 7: Histeria: patologizando el deseo femenino\",\"datePublished\":\"2025-05-05T01:19:03+00:00\",\"dateModified\":\"2025-05-05T06:21:11+00:00\",\"mainEntityOfPage\":{\"@id\":\"https:\/\/delfiramos.com\/fmt-7-histeria-patologizando-el-deseo-femenino\/\"},\"wordCount\":1715,\"publisher\":{\"@id\":\"https:\/\/delfiramos.com\/#\/schema\/person\/3b9dc9c684235188d03b71fcda7ba40c\"},\"image\":{\"@id\":\"https:\/\/delfiramos.com\/fmt-7-histeria-patologizando-el-deseo-femenino\/#primaryimage\"},\"thumbnailUrl\":\"https:\/\/delfiramos.com\/wp-content\/uploads\/Una-leccion-clinica-en-la-Salpetriere-de-Andre-Brouillet.jpg\",\"articleSection\":[\"Sexolog\u00eda\"],\"inLanguage\":\"ca\"},{\"@type\":\"WebPage\",\"@id\":\"https:\/\/delfiramos.com\/fmt-7-histeria-patologizando-el-deseo-femenino\/\",\"url\":\"https:\/\/delfiramos.com\/fmt-7-histeria-patologizando-el-deseo-femenino\/\",\"name\":\"FMT 7: Histeria: patologizando el deseo femenino &#183; Delfi Ramos\",\"isPartOf\":{\"@id\":\"https:\/\/delfiramos.com\/#website\"},\"primaryImageOfPage\":{\"@id\":\"https:\/\/delfiramos.com\/fmt-7-histeria-patologizando-el-deseo-femenino\/#primaryimage\"},\"image\":{\"@id\":\"https:\/\/delfiramos.com\/fmt-7-histeria-patologizando-el-deseo-femenino\/#primaryimage\"},\"thumbnailUrl\":\"https:\/\/delfiramos.com\/wp-content\/uploads\/Una-leccion-clinica-en-la-Salpetriere-de-Andre-Brouillet.jpg\",\"datePublished\":\"2025-05-05T01:19:03+00:00\",\"dateModified\":\"2025-05-05T06:21:11+00:00\",\"breadcrumb\":{\"@id\":\"https:\/\/delfiramos.com\/fmt-7-histeria-patologizando-el-deseo-femenino\/#breadcrumb\"},\"inLanguage\":\"ca\",\"potentialAction\":[{\"@type\":\"ReadAction\",\"target\":[\"https:\/\/delfiramos.com\/fmt-7-histeria-patologizando-el-deseo-femenino\/\"]}]},{\"@type\":\"ImageObject\",\"inLanguage\":\"ca\",\"@id\":\"https:\/\/delfiramos.com\/fmt-7-histeria-patologizando-el-deseo-femenino\/#primaryimage\",\"url\":\"https:\/\/delfiramos.com\/wp-content\/uploads\/Una-leccion-clinica-en-la-Salpetriere-de-Andre-Brouillet.jpg\",\"contentUrl\":\"https:\/\/delfiramos.com\/wp-content\/uploads\/Una-leccion-clinica-en-la-Salpetriere-de-Andre-Brouillet.jpg\",\"width\":1191,\"height\":758,\"caption\":\"\\\"Lecci\u00f3n cl\u00ednica en la Salp\u00eatri\u00e8re\\\" de Andr\u00e9 Brouillet\"},{\"@type\":\"BreadcrumbList\",\"@id\":\"https:\/\/delfiramos.com\/fmt-7-histeria-patologizando-el-deseo-femenino\/#breadcrumb\",\"itemListElement\":[{\"@type\":\"ListItem\",\"position\":1,\"name\":\"Inicio\",\"item\":\"https:\/\/delfiramos.com\/inicio\/\"},{\"@type\":\"ListItem\",\"position\":2,\"name\":\"FMT 7: Histeria: patologizando el deseo femenino\"}]},{\"@type\":\"WebSite\",\"@id\":\"https:\/\/delfiramos.com\/#website\",\"url\":\"https:\/\/delfiramos.com\/\",\"name\":\"Delfi Ramos\",\"description\":\"Psic\u00f3loga Sanitaria y Sex\u00f3loga \u00b7 M\u00e1ster en An\u00e1lisis Funcional en Contextos Cl\u00ednicos y de la Salud \u00b7 M\u00e1ster en Intervenci\u00f3n en Trastornos Psicol\u00f3gicos en Infancia y Adolescencia\",\"publisher\":{\"@id\":\"https:\/\/delfiramos.com\/#\/schema\/person\/3b9dc9c684235188d03b71fcda7ba40c\"},\"alternateName\":\"Sex\u00f3loga y Psic\u00f3loga Sanitaria\",\"potentialAction\":[{\"@type\":\"SearchAction\",\"target\":{\"@type\":\"EntryPoint\",\"urlTemplate\":\"https:\/\/delfiramos.com\/?s={search_term_string}\"},\"query-input\":{\"@type\":\"PropertyValueSpecification\",\"valueRequired\":true,\"valueName\":\"search_term_string\"}}],\"inLanguage\":\"ca\"},{\"@type\":[\"Person\",\"Organization\"],\"@id\":\"https:\/\/delfiramos.com\/#\/schema\/person\/3b9dc9c684235188d03b71fcda7ba40c\",\"name\":\"Delfi Ramos\",\"logo\":{\"@id\":\"https:\/\/delfiramos.com\/#\/schema\/person\/image\/\"},\"sameAs\":[\"https:\/\/delfiramos.com\/\"],\"url\":\"https:\/\/delfiramos.com\/ca\/author\/delfi-ramos\/\"}]}<\/script>\n<!-- \/ Yoast SEO plugin. -->","yoast_head_json":{"title":"FMT 7: Histeria: patologizando el deseo femenino &#183; Delfi Ramos","robots":{"index":"index","follow":"follow","max-snippet":"max-snippet:-1","max-image-preview":"max-image-preview:large","max-video-preview":"max-video-preview:-1"},"canonical":"https:\/\/delfiramos.com\/ca\/fmt-7-histeria-patologizando-el-deseo-femenino\/","og_locale":"ca_ES","og_type":"article","og_title":"FMT 7: Histeria: patologizando el deseo femenino &#183; Delfi Ramos","og_description":"Como hemos ido viendo a lo largo de esta serie de publicaciones, una de las principales caracter\u00edsticas que vertebra el arte y todas sus formas de expresi\u00f3n durante el periodo modernista es la tensi\u00f3n entre la nueva moral emergente y el modelo burgu\u00e9s. Sin embargo, quiz\u00e1s no haya aspecto en el que se plasme con [&hellip;]","og_url":"https:\/\/delfiramos.com\/ca\/fmt-7-histeria-patologizando-el-deseo-femenino\/","og_site_name":"Delfi Ramos","article_published_time":"2025-05-05T01:19:03+00:00","article_modified_time":"2025-05-05T06:21:11+00:00","og_image":[{"width":1191,"height":758,"url":"https:\/\/delfiramos.com\/wp-content\/uploads\/Una-leccion-clinica-en-la-Salpetriere-de-Andre-Brouillet.jpg","type":"image\/jpeg"}],"author":"Delfi Ramos","twitter_card":"summary_large_image","twitter_misc":{"Escrit per":"Delfi Ramos","Temps estimat de lectura":"8 minuts"},"schema":{"@context":"https:\/\/schema.org","@graph":[{"@type":"Article","@id":"https:\/\/delfiramos.com\/fmt-7-histeria-patologizando-el-deseo-femenino\/#article","isPartOf":{"@id":"https:\/\/delfiramos.com\/fmt-7-histeria-patologizando-el-deseo-femenino\/"},"author":{"name":"Delfi Ramos","@id":"https:\/\/delfiramos.com\/#\/schema\/person\/3b9dc9c684235188d03b71fcda7ba40c"},"headline":"FMT 7: Histeria: patologizando el deseo femenino","datePublished":"2025-05-05T01:19:03+00:00","dateModified":"2025-05-05T06:21:11+00:00","mainEntityOfPage":{"@id":"https:\/\/delfiramos.com\/fmt-7-histeria-patologizando-el-deseo-femenino\/"},"wordCount":1715,"publisher":{"@id":"https:\/\/delfiramos.com\/#\/schema\/person\/3b9dc9c684235188d03b71fcda7ba40c"},"image":{"@id":"https:\/\/delfiramos.com\/fmt-7-histeria-patologizando-el-deseo-femenino\/#primaryimage"},"thumbnailUrl":"https:\/\/delfiramos.com\/wp-content\/uploads\/Una-leccion-clinica-en-la-Salpetriere-de-Andre-Brouillet.jpg","articleSection":["Sexolog\u00eda"],"inLanguage":"ca"},{"@type":"WebPage","@id":"https:\/\/delfiramos.com\/fmt-7-histeria-patologizando-el-deseo-femenino\/","url":"https:\/\/delfiramos.com\/fmt-7-histeria-patologizando-el-deseo-femenino\/","name":"FMT 7: Histeria: patologizando el deseo femenino &#183; Delfi Ramos","isPartOf":{"@id":"https:\/\/delfiramos.com\/#website"},"primaryImageOfPage":{"@id":"https:\/\/delfiramos.com\/fmt-7-histeria-patologizando-el-deseo-femenino\/#primaryimage"},"image":{"@id":"https:\/\/delfiramos.com\/fmt-7-histeria-patologizando-el-deseo-femenino\/#primaryimage"},"thumbnailUrl":"https:\/\/delfiramos.com\/wp-content\/uploads\/Una-leccion-clinica-en-la-Salpetriere-de-Andre-Brouillet.jpg","datePublished":"2025-05-05T01:19:03+00:00","dateModified":"2025-05-05T06:21:11+00:00","breadcrumb":{"@id":"https:\/\/delfiramos.com\/fmt-7-histeria-patologizando-el-deseo-femenino\/#breadcrumb"},"inLanguage":"ca","potentialAction":[{"@type":"ReadAction","target":["https:\/\/delfiramos.com\/fmt-7-histeria-patologizando-el-deseo-femenino\/"]}]},{"@type":"ImageObject","inLanguage":"ca","@id":"https:\/\/delfiramos.com\/fmt-7-histeria-patologizando-el-deseo-femenino\/#primaryimage","url":"https:\/\/delfiramos.com\/wp-content\/uploads\/Una-leccion-clinica-en-la-Salpetriere-de-Andre-Brouillet.jpg","contentUrl":"https:\/\/delfiramos.com\/wp-content\/uploads\/Una-leccion-clinica-en-la-Salpetriere-de-Andre-Brouillet.jpg","width":1191,"height":758,"caption":"\"Lecci\u00f3n cl\u00ednica en la Salp\u00eatri\u00e8re\" de Andr\u00e9 Brouillet"},{"@type":"BreadcrumbList","@id":"https:\/\/delfiramos.com\/fmt-7-histeria-patologizando-el-deseo-femenino\/#breadcrumb","itemListElement":[{"@type":"ListItem","position":1,"name":"Inicio","item":"https:\/\/delfiramos.com\/inicio\/"},{"@type":"ListItem","position":2,"name":"FMT 7: Histeria: patologizando el deseo femenino"}]},{"@type":"WebSite","@id":"https:\/\/delfiramos.com\/#website","url":"https:\/\/delfiramos.com\/","name":"Delfi Ramos","description":"Psic\u00f3loga Sanitaria y Sex\u00f3loga \u00b7 M\u00e1ster en An\u00e1lisis Funcional en Contextos Cl\u00ednicos y de la Salud \u00b7 M\u00e1ster en Intervenci\u00f3n en Trastornos Psicol\u00f3gicos en Infancia y Adolescencia","publisher":{"@id":"https:\/\/delfiramos.com\/#\/schema\/person\/3b9dc9c684235188d03b71fcda7ba40c"},"alternateName":"Sex\u00f3loga y Psic\u00f3loga Sanitaria","potentialAction":[{"@type":"SearchAction","target":{"@type":"EntryPoint","urlTemplate":"https:\/\/delfiramos.com\/?s={search_term_string}"},"query-input":{"@type":"PropertyValueSpecification","valueRequired":true,"valueName":"search_term_string"}}],"inLanguage":"ca"},{"@type":["Person","Organization"],"@id":"https:\/\/delfiramos.com\/#\/schema\/person\/3b9dc9c684235188d03b71fcda7ba40c","name":"Delfi Ramos","logo":{"@id":"https:\/\/delfiramos.com\/#\/schema\/person\/image\/"},"sameAs":["https:\/\/delfiramos.com\/"],"url":"https:\/\/delfiramos.com\/ca\/author\/delfi-ramos\/"}]}},"_links":{"self":[{"href":"https:\/\/delfiramos.com\/ca\/wp-json\/wp\/v2\/posts\/3539","targetHints":{"allow":["GET"]}}],"collection":[{"href":"https:\/\/delfiramos.com\/ca\/wp-json\/wp\/v2\/posts"}],"about":[{"href":"https:\/\/delfiramos.com\/ca\/wp-json\/wp\/v2\/types\/post"}],"author":[{"embeddable":true,"href":"https:\/\/delfiramos.com\/ca\/wp-json\/wp\/v2\/users\/5"}],"replies":[{"embeddable":true,"href":"https:\/\/delfiramos.com\/ca\/wp-json\/wp\/v2\/comments?post=3539"}],"version-history":[{"count":6,"href":"https:\/\/delfiramos.com\/ca\/wp-json\/wp\/v2\/posts\/3539\/revisions"}],"predecessor-version":[{"id":3576,"href":"https:\/\/delfiramos.com\/ca\/wp-json\/wp\/v2\/posts\/3539\/revisions\/3576"}],"wp:featuredmedia":[{"embeddable":true,"href":"https:\/\/delfiramos.com\/ca\/wp-json\/wp\/v2\/media\/3540"}],"wp:attachment":[{"href":"https:\/\/delfiramos.com\/ca\/wp-json\/wp\/v2\/media?parent=3539"}],"wp:term":[{"taxonomy":"category","embeddable":true,"href":"https:\/\/delfiramos.com\/ca\/wp-json\/wp\/v2\/categories?post=3539"},{"taxonomy":"post_tag","embeddable":true,"href":"https:\/\/delfiramos.com\/ca\/wp-json\/wp\/v2\/tags?post=3539"}],"curies":[{"name":"wp","href":"https:\/\/api.w.org\/{rel}","templated":true}]}}