{"id":3816,"date":"2026-02-24T13:05:20","date_gmt":"2026-02-24T12:05:20","guid":{"rendered":"https:\/\/delfiramos.com\/?p=3816"},"modified":"2026-02-26T18:07:52","modified_gmt":"2026-02-26T17:07:52","slug":"riso-terapia","status":"publish","type":"post","link":"https:\/\/delfiramos.com\/ca\/riso-terapia\/","title":{"rendered":"Riso&#8230;\u00bfterapia?"},"content":{"rendered":"<p>Quer\u00eda pasarme por aqu\u00ed para explicar lo divertidos que fueron los <strong>talleres de risoterapia<\/strong> que hace unas semanas disfrutamos en <strong>V\u00edcar<\/strong>, con un grupo de mujeres y con otro grupo de mayores. Por eso me ha parecido un buen momento para reflexionar sobre <strong>cu\u00e1nto de terapia hay en el t\u00e9rmino \u00abrisoterapia\u00bb<\/strong>, porque a veces este punto genera controversia.<\/p>\n<p>Aunque de manera coloquial hablemos de la \u00abrisoterapia\u00bb como una terapia, lo cierto es que <strong>la Organizaci\u00f3n Mundial de la Salud (OMS) no la considera como tal<\/strong>, no estando integrada dentro de un marco regulado de atenci\u00f3n sanitaria. La risoterapia no trata directamente una patolog\u00eda concreta, ni sustituye a un tratamiento m\u00e9dico o psicol\u00f3gico, ni tiene suficiente evidencia como intervenci\u00f3n cl\u00ednica aut\u00f3noma, pero eso no significa que la risoterapia no nos ofrezca una <strong>fabulosa herramienta para el trabajo con las emociones, <\/strong>y este punto es clave: la diferencia entre \u00abterapia\u00bb y \u00abherramienta\u00bb: la risoterapia por s\u00ed sola no cura la ansiedad ni la depresi\u00f3n, pero puede ayudar a modular el estado emocional.<\/p>\n<p>La risoterapia es una herramienta psicoeducativa <strong>cuyo objetivo es facilitar la risa espont\u00e1nea y un clima emocional positivo a trav\u00e9s de din\u00e1micas grupales que combinan juegos, respiraci\u00f3n, ejercicios corporales y risa inducida.<\/strong> Utilizada como herramienta complementaria, la risoterapia favorece la regulaci\u00f3n emocional, la cohesi\u00f3n grupal, la activaci\u00f3n corporal y una distancia cognitiva muy \u00fatil a la hora de reencuadrar las experiencias y flexibilizar nuestra manera de pensar.<\/p>\n<p>Creo que para todos los asistentes a estos dos \u00faltimos talleres en V\u00edcar no cabe duda de la cantidad de cortisol de la que nos liberamos en aquella sala, yo incluida, gracias a esa predisposici\u00f3n a dejar la verg\u00fcenza en la puerta.<\/p>\n<p>Aqu\u00ed dejo un testimonio del ambiente tan chulo que creamos entre todas:<\/p>\n\n\t\t<style type=\"text\/css\">\n\t\t\t#gallery-1 {\n\t\t\t\tmargin: auto;\n\t\t\t}\n\t\t\t#gallery-1 .gallery-item {\n\t\t\t\tfloat: left;\n\t\t\t\tmargin-top: 10px;\n\t\t\t\ttext-align: center;\n\t\t\t\twidth: 33%;\n\t\t\t}\n\t\t\t#gallery-1 img {\n\t\t\t\tborder: 2px solid #cfcfcf;\n\t\t\t}\n\t\t\t#gallery-1 .gallery-caption {\n\t\t\t\tmargin-left: 0;\n\t\t\t}\n\t\t\t\/* see gallery_shortcode() in wp-includes\/media.php *\/\n\t\t<\/style>\n\t\t<div id='gallery-1' class='gallery galleryid-3816 gallery-columns-3 gallery-size-thumbnail'><dl class='gallery-item'>\n\t\t\t<dt class='gallery-icon landscape'>\n\t\t\t\t<a href='https:\/\/delfiramos.com\/ca\/riso-terapia\/haciendo-grupo\/'><img loading=\"lazy\" decoding=\"async\" width=\"80\" height=\"80\" src=\"https:\/\/delfiramos.com\/wp-content\/uploads\/Haciendo-grupo-80x80.jpg\" class=\"attachment-thumbnail size-thumbnail\" alt=\"\" aria-describedby=\"gallery-1-3828\" srcset=\"https:\/\/delfiramos.com\/wp-content\/uploads\/Haciendo-grupo-80x80.jpg 80w, https:\/\/delfiramos.com\/wp-content\/uploads\/Haciendo-grupo-36x36.jpg 36w, https:\/\/delfiramos.com\/wp-content\/uploads\/Haciendo-grupo-180x180.jpg 180w\" sizes=\"auto, (max-width: 80px) 100vw, 80px\" \/><\/a>\n\t\t\t<\/dt>\n\t\t\t\t<dd class='wp-caption-text gallery-caption' id='gallery-1-3828'>\n\t\t\t\tHaciendo grupo\n\t\t\t\t<\/dd><\/dl><dl class='gallery-item'>\n\t\t\t<dt class='gallery-icon portrait'>\n\t\t\t\t<a href='https:\/\/delfiramos.com\/ca\/riso-terapia\/dinamica\/'><img loading=\"lazy\" decoding=\"async\" width=\"80\" height=\"80\" src=\"https:\/\/delfiramos.com\/wp-content\/uploads\/Dinamica-80x80.jpg\" class=\"attachment-thumbnail size-thumbnail\" alt=\"\" aria-describedby=\"gallery-1-3829\" srcset=\"https:\/\/delfiramos.com\/wp-content\/uploads\/Dinamica-80x80.jpg 80w, https:\/\/delfiramos.com\/wp-content\/uploads\/Dinamica-36x36.jpg 36w, https:\/\/delfiramos.com\/wp-content\/uploads\/Dinamica-180x180.jpg 180w\" sizes=\"auto, (max-width: 80px) 100vw, 80px\" \/><\/a>\n\t\t\t<\/dt>\n\t\t\t\t<dd class='wp-caption-text gallery-caption' id='gallery-1-3829'>\n\t\t\t\tDin\u00e1mica \n\t\t\t\t<\/dd><\/dl><dl class='gallery-item'>\n\t\t\t<dt class='gallery-icon landscape'>\n\t\t\t\t<a href='https:\/\/delfiramos.com\/ca\/riso-terapia\/globos\/'><img loading=\"lazy\" decoding=\"async\" width=\"80\" height=\"80\" src=\"https:\/\/delfiramos.com\/wp-content\/uploads\/Globos-80x80.jpg\" class=\"attachment-thumbnail size-thumbnail\" alt=\"\" aria-describedby=\"gallery-1-3830\" srcset=\"https:\/\/delfiramos.com\/wp-content\/uploads\/Globos-80x80.jpg 80w, https:\/\/delfiramos.com\/wp-content\/uploads\/Globos-36x36.jpg 36w, https:\/\/delfiramos.com\/wp-content\/uploads\/Globos-180x180.jpg 180w\" sizes=\"auto, (max-width: 80px) 100vw, 80px\" \/><\/a>\n\t\t\t<\/dt>\n\t\t\t\t<dd class='wp-caption-text gallery-caption' id='gallery-1-3830'>\n\t\t\t\tDin\u00e1mica con globos\n\t\t\t\t<\/dd><\/dl><br style=\"clear: both\" \/><dl class='gallery-item'>\n\t\t\t<dt class='gallery-icon portrait'>\n\t\t\t\t<a href='https:\/\/delfiramos.com\/ca\/riso-terapia\/risoterapia-vicar-enero-26-2\/'><img loading=\"lazy\" decoding=\"async\" width=\"80\" height=\"80\" src=\"https:\/\/delfiramos.com\/wp-content\/uploads\/Risoterapia-Vicar-enero-26-2-80x80.jpg\" class=\"attachment-thumbnail size-thumbnail\" alt=\"\" srcset=\"https:\/\/delfiramos.com\/wp-content\/uploads\/Risoterapia-Vicar-enero-26-2-80x80.jpg 80w, https:\/\/delfiramos.com\/wp-content\/uploads\/Risoterapia-Vicar-enero-26-2-36x36.jpg 36w, https:\/\/delfiramos.com\/wp-content\/uploads\/Risoterapia-Vicar-enero-26-2-180x180.jpg 180w\" sizes=\"auto, (max-width: 80px) 100vw, 80px\" \/><\/a>\n\t\t\t<\/dt><\/dl><dl class='gallery-item'>\n\t\t\t<dt class='gallery-icon landscape'>\n\t\t\t\t<a href='https:\/\/delfiramos.com\/ca\/riso-terapia\/risoterapia-vicar-enero-26-1\/'><img loading=\"lazy\" decoding=\"async\" width=\"80\" height=\"80\" src=\"https:\/\/delfiramos.com\/wp-content\/uploads\/Risoterapia-Vicar-enero-26-1-80x80.jpg\" class=\"attachment-thumbnail size-thumbnail\" alt=\"\" aria-describedby=\"gallery-1-3818\" srcset=\"https:\/\/delfiramos.com\/wp-content\/uploads\/Risoterapia-Vicar-enero-26-1-80x80.jpg 80w, https:\/\/delfiramos.com\/wp-content\/uploads\/Risoterapia-Vicar-enero-26-1-36x36.jpg 36w, https:\/\/delfiramos.com\/wp-content\/uploads\/Risoterapia-Vicar-enero-26-1-180x180.jpg 180w\" sizes=\"auto, (max-width: 80px) 100vw, 80px\" \/><\/a>\n\t\t\t<\/dt>\n\t\t\t\t<dd class='wp-caption-text gallery-caption' id='gallery-1-3818'>\n\t\t\t\tParticipantes del grupo de mujeres\n\t\t\t\t<\/dd><\/dl><dl class='gallery-item'>\n\t\t\t<dt class='gallery-icon portrait'>\n\t\t\t\t<a href='https:\/\/delfiramos.com\/ca\/riso-terapia\/baile\/'><img loading=\"lazy\" decoding=\"async\" width=\"80\" height=\"80\" src=\"https:\/\/delfiramos.com\/wp-content\/uploads\/Baile-80x80.jpg\" class=\"attachment-thumbnail size-thumbnail\" alt=\"\" aria-describedby=\"gallery-1-3832\" srcset=\"https:\/\/delfiramos.com\/wp-content\/uploads\/Baile-80x80.jpg 80w, https:\/\/delfiramos.com\/wp-content\/uploads\/Baile-36x36.jpg 36w, https:\/\/delfiramos.com\/wp-content\/uploads\/Baile-180x180.jpg 180w\" sizes=\"auto, (max-width: 80px) 100vw, 80px\" \/><\/a>\n\t\t\t<\/dt>\n\t\t\t\t<dd class='wp-caption-text gallery-caption' id='gallery-1-3832'>\n\t\t\t\tBaile\n\t\t\t\t<\/dd><\/dl><br style=\"clear: both\" \/>\n\t\t<\/div>\n\n<p>&nbsp;<\/p>\n<p>Y qu\u00e9 bonito que te despidan as\u00ed&#8230;:<\/p>\n<p>&nbsp;<\/p>\n<div style=\"width: 1500px;\" class=\"wp-video\"><!--[if lt IE 9]><script>document.createElement('video');<\/script><![endif]-->\n<video class=\"wp-video-shortcode\" id=\"video-3816-1\" width=\"1500\" height=\"844\" preload=\"metadata\" controls=\"controls\"><source type=\"video\/mp4\" src=\"https:\/\/delfiramos.com\/wp-content\/uploads\/Despedida.mp4?_=1\" \/><a href=\"https:\/\/delfiramos.com\/wp-content\/uploads\/Despedida.mp4\">https:\/\/delfiramos.com\/wp-content\/uploads\/Despedida.mp4<\/a><\/video><\/div>","protected":false},"excerpt":{"rendered":"<p>Quer\u00eda pasarme por aqu\u00ed para explicar lo divertidos que fueron los talleres de risoterapia que hace unas semanas disfrutamos en V\u00edcar, con un grupo de mujeres y con otro grupo de mayores. Por eso me ha parecido un buen momento para reflexionar sobre cu\u00e1nto de terapia hay en el t\u00e9rmino \u00abrisoterapia\u00bb, porque a veces este [&hellip;]<\/p>","protected":false},"author":5,"featured_media":3820,"comment_status":"closed","ping_status":"closed","sticky":false,"template":"","format":"video","meta":{"_joinchat":[],"footnotes":""},"categories":[1],"tags":[],"class_list":["post-3816","post","type-post","status-publish","format-video","has-post-thumbnail","hentry","category-psicologia","post_format-post-format-video"],"yoast_head":"<!-- This site is optimized with the Yoast SEO plugin v25.2 - https:\/\/yoast.com\/wordpress\/plugins\/seo\/ -->\n<title>Riso...\u00bfterapia? &#183; Delfi Ramos<\/title>\n<meta name=\"robots\" content=\"index, follow, max-snippet:-1, max-image-preview:large, max-video-preview:-1\" \/>\n<link rel=\"canonical\" href=\"https:\/\/delfiramos.com\/ca\/riso-terapia\/\" \/>\n<meta property=\"og:locale\" content=\"ca_ES\" \/>\n<meta property=\"og:type\" content=\"article\" \/>\n<meta property=\"og:title\" content=\"Riso...\u00bfterapia? &#183; Delfi Ramos\" \/>\n<meta property=\"og:description\" content=\"Quer\u00eda pasarme por aqu\u00ed para explicar lo divertidos que fueron los talleres de risoterapia que hace unas semanas disfrutamos en V\u00edcar, con un grupo de mujeres y con otro grupo de mayores. Por eso me ha parecido un buen momento para reflexionar sobre cu\u00e1nto de terapia hay en el t\u00e9rmino \u00abrisoterapia\u00bb, porque a veces este [&hellip;]\" \/>\n<meta property=\"og:url\" content=\"https:\/\/delfiramos.com\/ca\/riso-terapia\/\" \/>\n<meta property=\"og:site_name\" content=\"Delfi Ramos\" \/>\n<meta property=\"article:published_time\" content=\"2026-02-24T12:05:20+00:00\" \/>\n<meta property=\"article:modified_time\" content=\"2026-02-26T17:07:52+00:00\" \/>\n<meta property=\"og:image\" content=\"https:\/\/delfiramos.com\/wp-content\/uploads\/Risoterapia-Vicar-enero-26-3-1030x580.jpg\" \/>\n\t<meta property=\"og:image:width\" content=\"1030\" \/>\n\t<meta property=\"og:image:height\" content=\"580\" \/>\n\t<meta property=\"og:image:type\" content=\"image\/jpeg\" \/>\n<meta name=\"author\" content=\"Delfi Ramos\" \/>\n<meta name=\"twitter:card\" content=\"summary_large_image\" \/>\n<meta name=\"twitter:label1\" content=\"Escrit per\" \/>\n\t<meta name=\"twitter:data1\" content=\"Delfi Ramos\" \/>\n\t<meta name=\"twitter:label2\" content=\"Temps estimat de lectura\" \/>\n\t<meta name=\"twitter:data2\" content=\"3 minuts\" \/>\n<script type=\"application\/ld+json\" class=\"yoast-schema-graph\">{\"@context\":\"https:\/\/schema.org\",\"@graph\":[{\"@type\":\"Article\",\"@id\":\"https:\/\/delfiramos.com\/riso-terapia\/#article\",\"isPartOf\":{\"@id\":\"https:\/\/delfiramos.com\/riso-terapia\/\"},\"author\":{\"name\":\"Delfi Ramos\",\"@id\":\"https:\/\/delfiramos.com\/#\/schema\/person\/3b9dc9c684235188d03b71fcda7ba40c\"},\"headline\":\"Riso&#8230;\u00bfterapia?\",\"datePublished\":\"2026-02-24T12:05:20+00:00\",\"dateModified\":\"2026-02-26T17:07:52+00:00\",\"mainEntityOfPage\":{\"@id\":\"https:\/\/delfiramos.com\/riso-terapia\/\"},\"wordCount\":339,\"publisher\":{\"@id\":\"https:\/\/delfiramos.com\/#\/schema\/person\/3b9dc9c684235188d03b71fcda7ba40c\"},\"image\":{\"@id\":\"https:\/\/delfiramos.com\/riso-terapia\/#primaryimage\"},\"thumbnailUrl\":\"https:\/\/delfiramos.com\/wp-content\/uploads\/Risoterapia-Vicar-enero-26-3-scaled.jpg\",\"articleSection\":[\"Psicolog\u00eda\"],\"inLanguage\":\"ca\"},{\"@type\":\"WebPage\",\"@id\":\"https:\/\/delfiramos.com\/riso-terapia\/\",\"url\":\"https:\/\/delfiramos.com\/riso-terapia\/\",\"name\":\"Riso...\u00bfterapia? &#183; Delfi Ramos\",\"isPartOf\":{\"@id\":\"https:\/\/delfiramos.com\/#website\"},\"primaryImageOfPage\":{\"@id\":\"https:\/\/delfiramos.com\/riso-terapia\/#primaryimage\"},\"image\":{\"@id\":\"https:\/\/delfiramos.com\/riso-terapia\/#primaryimage\"},\"thumbnailUrl\":\"https:\/\/delfiramos.com\/wp-content\/uploads\/Risoterapia-Vicar-enero-26-3-scaled.jpg\",\"datePublished\":\"2026-02-24T12:05:20+00:00\",\"dateModified\":\"2026-02-26T17:07:52+00:00\",\"breadcrumb\":{\"@id\":\"https:\/\/delfiramos.com\/riso-terapia\/#breadcrumb\"},\"inLanguage\":\"ca\",\"potentialAction\":[{\"@type\":\"ReadAction\",\"target\":[\"https:\/\/delfiramos.com\/riso-terapia\/\"]}]},{\"@type\":\"ImageObject\",\"inLanguage\":\"ca\",\"@id\":\"https:\/\/delfiramos.com\/riso-terapia\/#primaryimage\",\"url\":\"https:\/\/delfiramos.com\/wp-content\/uploads\/Risoterapia-Vicar-enero-26-3-scaled.jpg\",\"contentUrl\":\"https:\/\/delfiramos.com\/wp-content\/uploads\/Risoterapia-Vicar-enero-26-3-scaled.jpg\",\"width\":2560,\"height\":1441},{\"@type\":\"BreadcrumbList\",\"@id\":\"https:\/\/delfiramos.com\/riso-terapia\/#breadcrumb\",\"itemListElement\":[{\"@type\":\"ListItem\",\"position\":1,\"name\":\"Inicio\",\"item\":\"https:\/\/delfiramos.com\/inicio\/\"},{\"@type\":\"ListItem\",\"position\":2,\"name\":\"Riso&#8230;\u00bfterapia?\"}]},{\"@type\":\"WebSite\",\"@id\":\"https:\/\/delfiramos.com\/#website\",\"url\":\"https:\/\/delfiramos.com\/\",\"name\":\"Delfi Ramos\",\"description\":\"Psic\u00f3loga Sanitaria y Sex\u00f3loga \u00b7 M\u00e1ster en An\u00e1lisis Funcional en Contextos Cl\u00ednicos y de la Salud \u00b7 M\u00e1ster en Intervenci\u00f3n en Trastornos Psicol\u00f3gicos en Infancia y Adolescencia\",\"publisher\":{\"@id\":\"https:\/\/delfiramos.com\/#\/schema\/person\/3b9dc9c684235188d03b71fcda7ba40c\"},\"alternateName\":\"Sex\u00f3loga y Psic\u00f3loga Sanitaria\",\"potentialAction\":[{\"@type\":\"SearchAction\",\"target\":{\"@type\":\"EntryPoint\",\"urlTemplate\":\"https:\/\/delfiramos.com\/?s={search_term_string}\"},\"query-input\":{\"@type\":\"PropertyValueSpecification\",\"valueRequired\":true,\"valueName\":\"search_term_string\"}}],\"inLanguage\":\"ca\"},{\"@type\":[\"Person\",\"Organization\"],\"@id\":\"https:\/\/delfiramos.com\/#\/schema\/person\/3b9dc9c684235188d03b71fcda7ba40c\",\"name\":\"Delfi Ramos\",\"logo\":{\"@id\":\"https:\/\/delfiramos.com\/#\/schema\/person\/image\/\"},\"sameAs\":[\"https:\/\/delfiramos.com\/\"],\"url\":\"https:\/\/delfiramos.com\/ca\/author\/delfi-ramos\/\"}]}<\/script>\n<!-- \/ Yoast SEO plugin. -->","yoast_head_json":{"title":"Riso...\u00bfterapia? &#183; Delfi Ramos","robots":{"index":"index","follow":"follow","max-snippet":"max-snippet:-1","max-image-preview":"max-image-preview:large","max-video-preview":"max-video-preview:-1"},"canonical":"https:\/\/delfiramos.com\/ca\/riso-terapia\/","og_locale":"ca_ES","og_type":"article","og_title":"Riso...\u00bfterapia? &#183; Delfi Ramos","og_description":"Quer\u00eda pasarme por aqu\u00ed para explicar lo divertidos que fueron los talleres de risoterapia que hace unas semanas disfrutamos en V\u00edcar, con un grupo de mujeres y con otro grupo de mayores. Por eso me ha parecido un buen momento para reflexionar sobre cu\u00e1nto de terapia hay en el t\u00e9rmino \u00abrisoterapia\u00bb, porque a veces este [&hellip;]","og_url":"https:\/\/delfiramos.com\/ca\/riso-terapia\/","og_site_name":"Delfi Ramos","article_published_time":"2026-02-24T12:05:20+00:00","article_modified_time":"2026-02-26T17:07:52+00:00","og_image":[{"width":1030,"height":580,"url":"https:\/\/delfiramos.com\/wp-content\/uploads\/Risoterapia-Vicar-enero-26-3-1030x580.jpg","type":"image\/jpeg"}],"author":"Delfi Ramos","twitter_card":"summary_large_image","twitter_misc":{"Escrit per":"Delfi Ramos","Temps estimat de lectura":"3 minuts"},"schema":{"@context":"https:\/\/schema.org","@graph":[{"@type":"Article","@id":"https:\/\/delfiramos.com\/riso-terapia\/#article","isPartOf":{"@id":"https:\/\/delfiramos.com\/riso-terapia\/"},"author":{"name":"Delfi Ramos","@id":"https:\/\/delfiramos.com\/#\/schema\/person\/3b9dc9c684235188d03b71fcda7ba40c"},"headline":"Riso&#8230;\u00bfterapia?","datePublished":"2026-02-24T12:05:20+00:00","dateModified":"2026-02-26T17:07:52+00:00","mainEntityOfPage":{"@id":"https:\/\/delfiramos.com\/riso-terapia\/"},"wordCount":339,"publisher":{"@id":"https:\/\/delfiramos.com\/#\/schema\/person\/3b9dc9c684235188d03b71fcda7ba40c"},"image":{"@id":"https:\/\/delfiramos.com\/riso-terapia\/#primaryimage"},"thumbnailUrl":"https:\/\/delfiramos.com\/wp-content\/uploads\/Risoterapia-Vicar-enero-26-3-scaled.jpg","articleSection":["Psicolog\u00eda"],"inLanguage":"ca"},{"@type":"WebPage","@id":"https:\/\/delfiramos.com\/riso-terapia\/","url":"https:\/\/delfiramos.com\/riso-terapia\/","name":"Riso...\u00bfterapia? &#183; Delfi Ramos","isPartOf":{"@id":"https:\/\/delfiramos.com\/#website"},"primaryImageOfPage":{"@id":"https:\/\/delfiramos.com\/riso-terapia\/#primaryimage"},"image":{"@id":"https:\/\/delfiramos.com\/riso-terapia\/#primaryimage"},"thumbnailUrl":"https:\/\/delfiramos.com\/wp-content\/uploads\/Risoterapia-Vicar-enero-26-3-scaled.jpg","datePublished":"2026-02-24T12:05:20+00:00","dateModified":"2026-02-26T17:07:52+00:00","breadcrumb":{"@id":"https:\/\/delfiramos.com\/riso-terapia\/#breadcrumb"},"inLanguage":"ca","potentialAction":[{"@type":"ReadAction","target":["https:\/\/delfiramos.com\/riso-terapia\/"]}]},{"@type":"ImageObject","inLanguage":"ca","@id":"https:\/\/delfiramos.com\/riso-terapia\/#primaryimage","url":"https:\/\/delfiramos.com\/wp-content\/uploads\/Risoterapia-Vicar-enero-26-3-scaled.jpg","contentUrl":"https:\/\/delfiramos.com\/wp-content\/uploads\/Risoterapia-Vicar-enero-26-3-scaled.jpg","width":2560,"height":1441},{"@type":"BreadcrumbList","@id":"https:\/\/delfiramos.com\/riso-terapia\/#breadcrumb","itemListElement":[{"@type":"ListItem","position":1,"name":"Inicio","item":"https:\/\/delfiramos.com\/inicio\/"},{"@type":"ListItem","position":2,"name":"Riso&#8230;\u00bfterapia?"}]},{"@type":"WebSite","@id":"https:\/\/delfiramos.com\/#website","url":"https:\/\/delfiramos.com\/","name":"Delfi Ramos","description":"Psic\u00f3loga Sanitaria y Sex\u00f3loga \u00b7 M\u00e1ster en An\u00e1lisis Funcional en Contextos Cl\u00ednicos y de la Salud \u00b7 M\u00e1ster en Intervenci\u00f3n en Trastornos Psicol\u00f3gicos en Infancia y Adolescencia","publisher":{"@id":"https:\/\/delfiramos.com\/#\/schema\/person\/3b9dc9c684235188d03b71fcda7ba40c"},"alternateName":"Sex\u00f3loga y Psic\u00f3loga Sanitaria","potentialAction":[{"@type":"SearchAction","target":{"@type":"EntryPoint","urlTemplate":"https:\/\/delfiramos.com\/?s={search_term_string}"},"query-input":{"@type":"PropertyValueSpecification","valueRequired":true,"valueName":"search_term_string"}}],"inLanguage":"ca"},{"@type":["Person","Organization"],"@id":"https:\/\/delfiramos.com\/#\/schema\/person\/3b9dc9c684235188d03b71fcda7ba40c","name":"Delfi Ramos","logo":{"@id":"https:\/\/delfiramos.com\/#\/schema\/person\/image\/"},"sameAs":["https:\/\/delfiramos.com\/"],"url":"https:\/\/delfiramos.com\/ca\/author\/delfi-ramos\/"}]}},"_links":{"self":[{"href":"https:\/\/delfiramos.com\/ca\/wp-json\/wp\/v2\/posts\/3816","targetHints":{"allow":["GET"]}}],"collection":[{"href":"https:\/\/delfiramos.com\/ca\/wp-json\/wp\/v2\/posts"}],"about":[{"href":"https:\/\/delfiramos.com\/ca\/wp-json\/wp\/v2\/types\/post"}],"author":[{"embeddable":true,"href":"https:\/\/delfiramos.com\/ca\/wp-json\/wp\/v2\/users\/5"}],"replies":[{"embeddable":true,"href":"https:\/\/delfiramos.com\/ca\/wp-json\/wp\/v2\/comments?post=3816"}],"version-history":[{"count":5,"href":"https:\/\/delfiramos.com\/ca\/wp-json\/wp\/v2\/posts\/3816\/revisions"}],"predecessor-version":[{"id":3827,"href":"https:\/\/delfiramos.com\/ca\/wp-json\/wp\/v2\/posts\/3816\/revisions\/3827"}],"wp:featuredmedia":[{"embeddable":true,"href":"https:\/\/delfiramos.com\/ca\/wp-json\/wp\/v2\/media\/3820"}],"wp:attachment":[{"href":"https:\/\/delfiramos.com\/ca\/wp-json\/wp\/v2\/media?parent=3816"}],"wp:term":[{"taxonomy":"category","embeddable":true,"href":"https:\/\/delfiramos.com\/ca\/wp-json\/wp\/v2\/categories?post=3816"},{"taxonomy":"post_tag","embeddable":true,"href":"https:\/\/delfiramos.com\/ca\/wp-json\/wp\/v2\/tags?post=3816"}],"curies":[{"name":"wp","href":"https:\/\/api.w.org\/{rel}","templated":true}]}}