{"id":3851,"date":"2026-05-13T06:08:09","date_gmt":"2026-05-13T04:08:09","guid":{"rendered":"https:\/\/delfiramos.com\/?p=3851"},"modified":"2026-05-13T06:32:53","modified_gmt":"2026-05-13T04:32:53","slug":"el-cine-porno-en-la-epoca-modernista","status":"publish","type":"post","link":"https:\/\/delfiramos.com\/ca\/el-cine-porno-en-la-epoca-modernista\/","title":{"rendered":"El cine porno en la \u00e9poca modernista"},"content":{"rendered":"<p>Un a\u00f1o m\u00e1s las calles de Terrassa se han llenado de modernismo con una nueva edici\u00f3n de la Fira Modernista. Por eso, en esta ocasi\u00f3n indagamos sobre los inicios del cine er\u00f3tico y pornogr\u00e1fico&#8230;<\/p>\n<div id=\"attachment_3852\" style=\"width: 1285px\" class=\"wp-caption alignnone\"><img loading=\"lazy\" decoding=\"async\" aria-describedby=\"caption-attachment-3852\" class=\"wp-image-3852 size-full\" src=\"https:\/\/delfiramos.com\/wp-content\/uploads\/Fira-Modernista-Ajuntament-de-Terrassa.jpg\" alt=\"\" width=\"1275\" height=\"850\" srcset=\"https:\/\/delfiramos.com\/wp-content\/uploads\/Fira-Modernista-Ajuntament-de-Terrassa.jpg 1275w, https:\/\/delfiramos.com\/wp-content\/uploads\/Fira-Modernista-Ajuntament-de-Terrassa-300x200.jpg 300w, https:\/\/delfiramos.com\/wp-content\/uploads\/Fira-Modernista-Ajuntament-de-Terrassa-1030x687.jpg 1030w, https:\/\/delfiramos.com\/wp-content\/uploads\/Fira-Modernista-Ajuntament-de-Terrassa-768x512.jpg 768w, https:\/\/delfiramos.com\/wp-content\/uploads\/Fira-Modernista-Ajuntament-de-Terrassa-18x12.jpg 18w, https:\/\/delfiramos.com\/wp-content\/uploads\/Fira-Modernista-Ajuntament-de-Terrassa-705x470.jpg 705w\" sizes=\"auto, (max-width: 1275px) 100vw, 1275px\" \/><p id=\"caption-attachment-3852\" class=\"wp-caption-text\">Fira Modernista Terrassa (Foto: Ayuntamiento de Terrassa)<\/p><\/div>\n<p>&nbsp;<\/p>\n<div class=\"default-style\">Imag\u00ednate la Granada de comienzos del siglo XX: una ciudad profundamente conservadora, muy vigilada por la moral religiosa, donde cualquier espect\u00e1culo un poco atrevido pod\u00eda convertirse en un esc\u00e1ndalo p\u00fablico. Los bailes provocativos, las revistas picantes o incluso ciertas canciones eran observados con lupa por asociaciones cat\u00f3licas y sectores de la alta sociedad empe\u00f1ados en \u201cproteger las buenas costumbres\u201d. En medio de ese ambiente exist\u00eda el viejo Teatro Alhambra, una sala popular hecha en gran parte de madera, donde se mezclaban funciones de teatro, variedades y las todav\u00eda novedosas proyecciones de cine. Era un lugar animado, algo bullicioso y muy frecuentado por la gente de Granada.<\/div>\n<div class=\"default-style\"><\/div>\n<div><\/div>\n<div class=\"default-style\">Y entonces ocurri\u00f3 algo ins\u00f3lito: en enero de 1917 empez\u00f3 a correr el rumor de que all\u00ed iban a proyectar una pel\u00edcula \u201cprohibida\u201d, reservada s\u00f3lo para hombres adultos y accesible mediante invitaci\u00f3n. No era simplemente cine atrevido: <strong>era una aut\u00e9ntica pel\u00edcula pornogr\u00e1fica, algo pr\u00e1cticamente impensable para la \u00e9poca<\/strong>. Las entradas eran car\u00edsimas, pero aun as\u00ed el teatro se llen\u00f3. <strong>La curiosidad pudo m\u00e1s que el miedo al esc\u00e1ndalo<\/strong>. Aquella noche, muchos granadinos acudieron casi a escondidas, conscientes de que estaban viendo algo clandestino y transgresor. Lo m\u00e1s sorprendente es que detr\u00e1s de aquellas primeras pel\u00edculas porno espa\u00f1olas estaba <strong>el propio rey Alfonso XIII<\/strong>, <strong>quien financiaba producciones realizadas en Barcelona por la productora Royal Films<\/strong>, propon\u00eda ideas para los argumentos e incluso participaba en la elecci\u00f3n de las actrices. Todo aquello permanec\u00eda oculto para la opini\u00f3n p\u00fablica.<\/div>\n<div><\/div>\n<div><\/div>\n<div>\n<div id=\"attachment_3853\" style=\"width: 577px\" class=\"wp-caption alignnone\"><img loading=\"lazy\" decoding=\"async\" aria-describedby=\"caption-attachment-3853\" class=\"size-full wp-image-3853\" src=\"https:\/\/delfiramos.com\/wp-content\/uploads\/Fotograma-El-confesor.-Filmoteca-valenciana.jpg\" alt=\"\" width=\"567\" height=\"397\" srcset=\"https:\/\/delfiramos.com\/wp-content\/uploads\/Fotograma-El-confesor.-Filmoteca-valenciana.jpg 567w, https:\/\/delfiramos.com\/wp-content\/uploads\/Fotograma-El-confesor.-Filmoteca-valenciana-300x210.jpg 300w, https:\/\/delfiramos.com\/wp-content\/uploads\/Fotograma-El-confesor.-Filmoteca-valenciana-18x12.jpg 18w\" sizes=\"auto, (max-width: 567px) 100vw, 567px\" \/><p id=\"caption-attachment-3853\" class=\"wp-caption-text\">Fotograma de \u00abEl Confesor\u00bb (1920) de los hermanos Ba\u00f1os y producida por Alfonso XIII (Foto: Filmoteca Valenciana)<\/p><\/div>\n<\/div>\n<div class=\"default-style\">\n<div id=\"attachment_3858\" style=\"width: 670px\" class=\"wp-caption alignnone\"><img loading=\"lazy\" decoding=\"async\" aria-describedby=\"caption-attachment-3858\" class=\"size-full wp-image-3858\" src=\"https:\/\/delfiramos.com\/wp-content\/uploads\/Fotograma-El-Confesor.jpg\" alt=\"\" width=\"660\" height=\"400\" srcset=\"https:\/\/delfiramos.com\/wp-content\/uploads\/Fotograma-El-Confesor.jpg 660w, https:\/\/delfiramos.com\/wp-content\/uploads\/Fotograma-El-Confesor-300x182.jpg 300w, https:\/\/delfiramos.com\/wp-content\/uploads\/Fotograma-El-Confesor-18x12.jpg 18w\" sizes=\"auto, (max-width: 660px) 100vw, 660px\" \/><p id=\"caption-attachment-3858\" class=\"wp-caption-text\">Fotograma de \u00abEl Confesor\u00bb (1920)<\/p><\/div>\n<\/div>\n<div><\/div>\n<div class=\"default-style\">Cuando la noticia de la proyecci\u00f3n se extendi\u00f3 por Granada, estall\u00f3 el esc\u00e1ndalo. Los sectores conservadores montaron en c\u00f3lera. Asociaciones religiosas y peri\u00f3dicos moralistas denunciaron el Teatro Alhambra como un foco de corrupci\u00f3n y decadencia. Hubo campa\u00f1as de presi\u00f3n y boicot, y el nombre del teatro qued\u00f3 marcado para siempre. La iron\u00eda era enorme: pocos d\u00edas despu\u00e9s, el propio Alfonso XIII visitaba Granada oficialmente, recibido con honores por una ciudad que desconoc\u00eda que el monarca estaba relacionado con aquellas pel\u00edculas que tanto indignaban a los defensores de la moral p\u00fablica.<\/div>\n<div class=\"default-style\"><\/div>\n<div><\/div>\n<div class=\"default-style\">Con el tiempo, el Teatro Alhambra fue perdiendo prestigio y actividad. El esc\u00e1ndalo de 1917 qued\u00f3 ligado a su historia y contribuy\u00f3 a su decadencia hasta que finalmente desapareci\u00f3. Donde antes hubo funciones, rumores y proyecciones clandestinas, acab\u00f3 levant\u00e1ndose un simple garaje.<\/div>\n<div><\/div>\n<div><\/div>\n<div>\n<div id=\"attachment_3854\" style=\"width: 630px\" class=\"wp-caption alignnone\"><img loading=\"lazy\" decoding=\"async\" aria-describedby=\"caption-attachment-3854\" class=\"size-full wp-image-3854\" src=\"https:\/\/delfiramos.com\/wp-content\/uploads\/Teatro-Alhambra.jpg\" alt=\"\" width=\"620\" height=\"399\" srcset=\"https:\/\/delfiramos.com\/wp-content\/uploads\/Teatro-Alhambra.jpg 620w, https:\/\/delfiramos.com\/wp-content\/uploads\/Teatro-Alhambra-300x193.jpg 300w, https:\/\/delfiramos.com\/wp-content\/uploads\/Teatro-Alhambra-18x12.jpg 18w\" sizes=\"auto, (max-width: 620px) 100vw, 620px\" \/><p id=\"caption-attachment-3854\" class=\"wp-caption-text\">Teatro Alhambra, hacia 1910-1920, entre la Placeta del Lavadero y el Sal\u00f3n (Foto: A. Gim\u00e9nez Yanguas)<\/p><\/div>\n<\/div>\n<p>De la amplia colecci\u00f3n de pel\u00edculas pornogr\u00e1ficas de Alfonso XIII hoy s\u00f3lo se conservan tres cintas: <em>\u00abEl confesor\u00bb<\/em>, <em>\u00abEl ministro\u00bb<\/em> i <em>\u00abConsultorio de se\u00f1oras\u00bb<\/em>, las cuales aparecieron en un convento valenciano, y hoy son custodiadas por la Filmoteca Valenciana.<\/p>","protected":false},"excerpt":{"rendered":"<p>Un a\u00f1o m\u00e1s las calles de Terrassa se han llenado de modernismo con una nueva edici\u00f3n de la Fira Modernista. Por eso, en esta ocasi\u00f3n indagamos sobre los inicios del cine er\u00f3tico y pornogr\u00e1fico&#8230; &nbsp; Imag\u00ednate la Granada de comienzos del siglo XX: una ciudad profundamente conservadora, muy vigilada por la moral religiosa, donde cualquier [&hellip;]<\/p>","protected":false},"author":5,"featured_media":3857,"comment_status":"closed","ping_status":"closed","sticky":false,"template":"","format":"standard","meta":{"_joinchat":[],"footnotes":""},"categories":[36],"tags":[],"class_list":["post-3851","post","type-post","status-publish","format-standard","has-post-thumbnail","hentry","category-sexologia"],"yoast_head":"<!-- This site is optimized with the Yoast SEO plugin v25.2 - https:\/\/yoast.com\/wordpress\/plugins\/seo\/ -->\n<title>El cine porno en la \u00e9poca modernista &#183; Delfi Ramos<\/title>\n<meta name=\"robots\" content=\"index, follow, max-snippet:-1, max-image-preview:large, max-video-preview:-1\" \/>\n<link rel=\"canonical\" href=\"https:\/\/delfiramos.com\/ca\/el-cine-porno-en-la-epoca-modernista\/\" \/>\n<meta property=\"og:locale\" content=\"ca_ES\" \/>\n<meta property=\"og:type\" content=\"article\" \/>\n<meta property=\"og:title\" content=\"El cine porno en la \u00e9poca modernista &#183; Delfi Ramos\" \/>\n<meta property=\"og:description\" content=\"Un a\u00f1o m\u00e1s las calles de Terrassa se han llenado de modernismo con una nueva edici\u00f3n de la Fira Modernista. Por eso, en esta ocasi\u00f3n indagamos sobre los inicios del cine er\u00f3tico y pornogr\u00e1fico&#8230; &nbsp; Imag\u00ednate la Granada de comienzos del siglo XX: una ciudad profundamente conservadora, muy vigilada por la moral religiosa, donde cualquier [&hellip;]\" \/>\n<meta property=\"og:url\" content=\"https:\/\/delfiramos.com\/ca\/el-cine-porno-en-la-epoca-modernista\/\" \/>\n<meta property=\"og:site_name\" content=\"Delfi Ramos\" \/>\n<meta property=\"article:published_time\" content=\"2026-05-13T04:08:09+00:00\" \/>\n<meta property=\"article:modified_time\" content=\"2026-05-13T04:32:53+00:00\" \/>\n<meta property=\"og:image\" content=\"https:\/\/delfiramos.com\/wp-content\/uploads\/biofonografo.jpg\" \/>\n\t<meta property=\"og:image:width\" content=\"650\" \/>\n\t<meta property=\"og:image:height\" content=\"447\" \/>\n\t<meta property=\"og:image:type\" content=\"image\/jpeg\" \/>\n<meta name=\"author\" content=\"Delfi Ramos\" \/>\n<meta name=\"twitter:card\" content=\"summary_large_image\" \/>\n<meta name=\"twitter:label1\" content=\"Escrit per\" \/>\n\t<meta name=\"twitter:data1\" content=\"Delfi Ramos\" \/>\n\t<meta name=\"twitter:label2\" content=\"Temps estimat de lectura\" \/>\n\t<meta name=\"twitter:data2\" content=\"4 minuts\" \/>\n<script type=\"application\/ld+json\" class=\"yoast-schema-graph\">{\"@context\":\"https:\/\/schema.org\",\"@graph\":[{\"@type\":\"Article\",\"@id\":\"https:\/\/delfiramos.com\/el-cine-porno-en-la-epoca-modernista\/#article\",\"isPartOf\":{\"@id\":\"https:\/\/delfiramos.com\/el-cine-porno-en-la-epoca-modernista\/\"},\"author\":{\"name\":\"Delfi Ramos\",\"@id\":\"https:\/\/delfiramos.com\/#\/schema\/person\/3b9dc9c684235188d03b71fcda7ba40c\"},\"headline\":\"El cine porno en la \u00e9poca modernista\",\"datePublished\":\"2026-05-13T04:08:09+00:00\",\"dateModified\":\"2026-05-13T04:32:53+00:00\",\"mainEntityOfPage\":{\"@id\":\"https:\/\/delfiramos.com\/el-cine-porno-en-la-epoca-modernista\/\"},\"wordCount\":582,\"publisher\":{\"@id\":\"https:\/\/delfiramos.com\/#\/schema\/person\/3b9dc9c684235188d03b71fcda7ba40c\"},\"image\":{\"@id\":\"https:\/\/delfiramos.com\/el-cine-porno-en-la-epoca-modernista\/#primaryimage\"},\"thumbnailUrl\":\"https:\/\/delfiramos.com\/wp-content\/uploads\/biofonografo.jpg\",\"articleSection\":[\"Sexolog\u00eda\"],\"inLanguage\":\"ca\"},{\"@type\":\"WebPage\",\"@id\":\"https:\/\/delfiramos.com\/el-cine-porno-en-la-epoca-modernista\/\",\"url\":\"https:\/\/delfiramos.com\/el-cine-porno-en-la-epoca-modernista\/\",\"name\":\"El cine porno en la \u00e9poca modernista &#183; Delfi Ramos\",\"isPartOf\":{\"@id\":\"https:\/\/delfiramos.com\/#website\"},\"primaryImageOfPage\":{\"@id\":\"https:\/\/delfiramos.com\/el-cine-porno-en-la-epoca-modernista\/#primaryimage\"},\"image\":{\"@id\":\"https:\/\/delfiramos.com\/el-cine-porno-en-la-epoca-modernista\/#primaryimage\"},\"thumbnailUrl\":\"https:\/\/delfiramos.com\/wp-content\/uploads\/biofonografo.jpg\",\"datePublished\":\"2026-05-13T04:08:09+00:00\",\"dateModified\":\"2026-05-13T04:32:53+00:00\",\"breadcrumb\":{\"@id\":\"https:\/\/delfiramos.com\/el-cine-porno-en-la-epoca-modernista\/#breadcrumb\"},\"inLanguage\":\"ca\",\"potentialAction\":[{\"@type\":\"ReadAction\",\"target\":[\"https:\/\/delfiramos.com\/el-cine-porno-en-la-epoca-modernista\/\"]}]},{\"@type\":\"ImageObject\",\"inLanguage\":\"ca\",\"@id\":\"https:\/\/delfiramos.com\/el-cine-porno-en-la-epoca-modernista\/#primaryimage\",\"url\":\"https:\/\/delfiramos.com\/wp-content\/uploads\/biofonografo.jpg\",\"contentUrl\":\"https:\/\/delfiramos.com\/wp-content\/uploads\/biofonografo.jpg\",\"width\":650,\"height\":447},{\"@type\":\"BreadcrumbList\",\"@id\":\"https:\/\/delfiramos.com\/el-cine-porno-en-la-epoca-modernista\/#breadcrumb\",\"itemListElement\":[{\"@type\":\"ListItem\",\"position\":1,\"name\":\"Inicio\",\"item\":\"https:\/\/delfiramos.com\/inicio\/\"},{\"@type\":\"ListItem\",\"position\":2,\"name\":\"El cine porno en la \u00e9poca modernista\"}]},{\"@type\":\"WebSite\",\"@id\":\"https:\/\/delfiramos.com\/#website\",\"url\":\"https:\/\/delfiramos.com\/\",\"name\":\"Delfi Ramos\",\"description\":\"Psic\u00f3loga Sanitaria y Sex\u00f3loga \u00b7 M\u00e1ster en An\u00e1lisis Funcional en Contextos Cl\u00ednicos y de la Salud \u00b7 M\u00e1ster en Intervenci\u00f3n en Trastornos Psicol\u00f3gicos en Infancia y Adolescencia\",\"publisher\":{\"@id\":\"https:\/\/delfiramos.com\/#\/schema\/person\/3b9dc9c684235188d03b71fcda7ba40c\"},\"alternateName\":\"Sex\u00f3loga y Psic\u00f3loga Sanitaria\",\"potentialAction\":[{\"@type\":\"SearchAction\",\"target\":{\"@type\":\"EntryPoint\",\"urlTemplate\":\"https:\/\/delfiramos.com\/?s={search_term_string}\"},\"query-input\":{\"@type\":\"PropertyValueSpecification\",\"valueRequired\":true,\"valueName\":\"search_term_string\"}}],\"inLanguage\":\"ca\"},{\"@type\":[\"Person\",\"Organization\"],\"@id\":\"https:\/\/delfiramos.com\/#\/schema\/person\/3b9dc9c684235188d03b71fcda7ba40c\",\"name\":\"Delfi Ramos\",\"logo\":{\"@id\":\"https:\/\/delfiramos.com\/#\/schema\/person\/image\/\"},\"sameAs\":[\"https:\/\/delfiramos.com\/\"],\"url\":\"https:\/\/delfiramos.com\/ca\/author\/delfi-ramos\/\"}]}<\/script>\n<!-- \/ Yoast SEO plugin. -->","yoast_head_json":{"title":"El cine porno en la \u00e9poca modernista &#183; Delfi Ramos","robots":{"index":"index","follow":"follow","max-snippet":"max-snippet:-1","max-image-preview":"max-image-preview:large","max-video-preview":"max-video-preview:-1"},"canonical":"https:\/\/delfiramos.com\/ca\/el-cine-porno-en-la-epoca-modernista\/","og_locale":"ca_ES","og_type":"article","og_title":"El cine porno en la \u00e9poca modernista &#183; Delfi Ramos","og_description":"Un a\u00f1o m\u00e1s las calles de Terrassa se han llenado de modernismo con una nueva edici\u00f3n de la Fira Modernista. Por eso, en esta ocasi\u00f3n indagamos sobre los inicios del cine er\u00f3tico y pornogr\u00e1fico&#8230; &nbsp; Imag\u00ednate la Granada de comienzos del siglo XX: una ciudad profundamente conservadora, muy vigilada por la moral religiosa, donde cualquier [&hellip;]","og_url":"https:\/\/delfiramos.com\/ca\/el-cine-porno-en-la-epoca-modernista\/","og_site_name":"Delfi Ramos","article_published_time":"2026-05-13T04:08:09+00:00","article_modified_time":"2026-05-13T04:32:53+00:00","og_image":[{"width":650,"height":447,"url":"https:\/\/delfiramos.com\/wp-content\/uploads\/biofonografo.jpg","type":"image\/jpeg"}],"author":"Delfi Ramos","twitter_card":"summary_large_image","twitter_misc":{"Escrit per":"Delfi Ramos","Temps estimat de lectura":"4 minuts"},"schema":{"@context":"https:\/\/schema.org","@graph":[{"@type":"Article","@id":"https:\/\/delfiramos.com\/el-cine-porno-en-la-epoca-modernista\/#article","isPartOf":{"@id":"https:\/\/delfiramos.com\/el-cine-porno-en-la-epoca-modernista\/"},"author":{"name":"Delfi Ramos","@id":"https:\/\/delfiramos.com\/#\/schema\/person\/3b9dc9c684235188d03b71fcda7ba40c"},"headline":"El cine porno en la \u00e9poca modernista","datePublished":"2026-05-13T04:08:09+00:00","dateModified":"2026-05-13T04:32:53+00:00","mainEntityOfPage":{"@id":"https:\/\/delfiramos.com\/el-cine-porno-en-la-epoca-modernista\/"},"wordCount":582,"publisher":{"@id":"https:\/\/delfiramos.com\/#\/schema\/person\/3b9dc9c684235188d03b71fcda7ba40c"},"image":{"@id":"https:\/\/delfiramos.com\/el-cine-porno-en-la-epoca-modernista\/#primaryimage"},"thumbnailUrl":"https:\/\/delfiramos.com\/wp-content\/uploads\/biofonografo.jpg","articleSection":["Sexolog\u00eda"],"inLanguage":"ca"},{"@type":"WebPage","@id":"https:\/\/delfiramos.com\/el-cine-porno-en-la-epoca-modernista\/","url":"https:\/\/delfiramos.com\/el-cine-porno-en-la-epoca-modernista\/","name":"El cine porno en la \u00e9poca modernista &#183; Delfi Ramos","isPartOf":{"@id":"https:\/\/delfiramos.com\/#website"},"primaryImageOfPage":{"@id":"https:\/\/delfiramos.com\/el-cine-porno-en-la-epoca-modernista\/#primaryimage"},"image":{"@id":"https:\/\/delfiramos.com\/el-cine-porno-en-la-epoca-modernista\/#primaryimage"},"thumbnailUrl":"https:\/\/delfiramos.com\/wp-content\/uploads\/biofonografo.jpg","datePublished":"2026-05-13T04:08:09+00:00","dateModified":"2026-05-13T04:32:53+00:00","breadcrumb":{"@id":"https:\/\/delfiramos.com\/el-cine-porno-en-la-epoca-modernista\/#breadcrumb"},"inLanguage":"ca","potentialAction":[{"@type":"ReadAction","target":["https:\/\/delfiramos.com\/el-cine-porno-en-la-epoca-modernista\/"]}]},{"@type":"ImageObject","inLanguage":"ca","@id":"https:\/\/delfiramos.com\/el-cine-porno-en-la-epoca-modernista\/#primaryimage","url":"https:\/\/delfiramos.com\/wp-content\/uploads\/biofonografo.jpg","contentUrl":"https:\/\/delfiramos.com\/wp-content\/uploads\/biofonografo.jpg","width":650,"height":447},{"@type":"BreadcrumbList","@id":"https:\/\/delfiramos.com\/el-cine-porno-en-la-epoca-modernista\/#breadcrumb","itemListElement":[{"@type":"ListItem","position":1,"name":"Inicio","item":"https:\/\/delfiramos.com\/inicio\/"},{"@type":"ListItem","position":2,"name":"El cine porno en la \u00e9poca modernista"}]},{"@type":"WebSite","@id":"https:\/\/delfiramos.com\/#website","url":"https:\/\/delfiramos.com\/","name":"Delfi Ramos","description":"Psic\u00f3loga Sanitaria y Sex\u00f3loga \u00b7 M\u00e1ster en An\u00e1lisis Funcional en Contextos Cl\u00ednicos y de la Salud \u00b7 M\u00e1ster en Intervenci\u00f3n en Trastornos Psicol\u00f3gicos en Infancia y Adolescencia","publisher":{"@id":"https:\/\/delfiramos.com\/#\/schema\/person\/3b9dc9c684235188d03b71fcda7ba40c"},"alternateName":"Sex\u00f3loga y Psic\u00f3loga Sanitaria","potentialAction":[{"@type":"SearchAction","target":{"@type":"EntryPoint","urlTemplate":"https:\/\/delfiramos.com\/?s={search_term_string}"},"query-input":{"@type":"PropertyValueSpecification","valueRequired":true,"valueName":"search_term_string"}}],"inLanguage":"ca"},{"@type":["Person","Organization"],"@id":"https:\/\/delfiramos.com\/#\/schema\/person\/3b9dc9c684235188d03b71fcda7ba40c","name":"Delfi Ramos","logo":{"@id":"https:\/\/delfiramos.com\/#\/schema\/person\/image\/"},"sameAs":["https:\/\/delfiramos.com\/"],"url":"https:\/\/delfiramos.com\/ca\/author\/delfi-ramos\/"}]}},"_links":{"self":[{"href":"https:\/\/delfiramos.com\/ca\/wp-json\/wp\/v2\/posts\/3851","targetHints":{"allow":["GET"]}}],"collection":[{"href":"https:\/\/delfiramos.com\/ca\/wp-json\/wp\/v2\/posts"}],"about":[{"href":"https:\/\/delfiramos.com\/ca\/wp-json\/wp\/v2\/types\/post"}],"author":[{"embeddable":true,"href":"https:\/\/delfiramos.com\/ca\/wp-json\/wp\/v2\/users\/5"}],"replies":[{"embeddable":true,"href":"https:\/\/delfiramos.com\/ca\/wp-json\/wp\/v2\/comments?post=3851"}],"version-history":[{"count":5,"href":"https:\/\/delfiramos.com\/ca\/wp-json\/wp\/v2\/posts\/3851\/revisions"}],"predecessor-version":[{"id":3856,"href":"https:\/\/delfiramos.com\/ca\/wp-json\/wp\/v2\/posts\/3851\/revisions\/3856"}],"wp:featuredmedia":[{"embeddable":true,"href":"https:\/\/delfiramos.com\/ca\/wp-json\/wp\/v2\/media\/3857"}],"wp:attachment":[{"href":"https:\/\/delfiramos.com\/ca\/wp-json\/wp\/v2\/media?parent=3851"}],"wp:term":[{"taxonomy":"category","embeddable":true,"href":"https:\/\/delfiramos.com\/ca\/wp-json\/wp\/v2\/categories?post=3851"},{"taxonomy":"post_tag","embeddable":true,"href":"https:\/\/delfiramos.com\/ca\/wp-json\/wp\/v2\/tags?post=3851"}],"curies":[{"name":"wp","href":"https:\/\/api.w.org\/{rel}","templated":true}]}}